{"id":1167880,"date":"2026-09-05T00:27:15","date_gmt":"2026-09-05T00:27:15","guid":{"rendered":"https:\/\/www.europesays.com\/fr\/1167880\/"},"modified":"2026-09-05T00:27:15","modified_gmt":"2026-09-05T00:27:15","slug":"meteo-nice-previsions-du-samedi-5-septembre-2026","status":"publish","type":"post","link":"https:\/\/www.europesays.com\/fr\/1167880\/","title":{"rendered":"M\u00e9t\u00e9o Nice : pr\u00e9visions du samedi 5 septembre 2026"},"content":{"rendered":"<p>Aujourd&rsquo;hui, les Ni\u00e7ois vont pouvoir profiter d&rsquo;un soleil magnifique. Le thermom\u00e8tre affichera 25\u00b0C en moyenne. Le matin, une petite brise de nord-est sera ressentie par les habitants. Les maximales iront jusqu&rsquo;\u00e0 28\u00b0C dans l&rsquo;apr\u00e8s-midi tandis que les minimales seront de 27\u00b0C. Le ciel sera relativement lumineux, avec quelques \u00e9claircies le soir. Les temp\u00e9ratures avoisineront les 25\u00b0C. On pr\u00e9voit une nuit claire entre samedi et dimanche.<\/p>\n<p>C&rsquo;est un soleil radieux qui va briller demain sur Nice. Une m\u00e9t\u00e9o plus chaude est attendue \u00e9tant donn\u00e9 que les temp\u00e9ratures vont enregistrer une hausse. On pr\u00e9voit des temp\u00e9ratures avoisinant 26\u00b0C. Un vent de nord-ouest rafra\u00eechira un peu l&rsquo;atmosph\u00e8re. Les valeurs afficheront entre 28\u00b0C et 29\u00b0C dans l&rsquo;apr\u00e8s-midi. La ville aura quelques \u00e9claircies demain soir. Les temp\u00e9ratures avoisineront les 27\u00b0C.<\/p>\n<p>Peu d&rsquo;\u00e9volutions au fil des jours. Comptez sur 29\u00b0C en moyenne qui accompagneront des journ\u00e9es ensoleill\u00e9es.<\/p>\n<p><\/p>\n","protected":false},"excerpt":{"rendered":"Aujourd&rsquo;hui, les Ni\u00e7ois vont pouvoir profiter d&rsquo;un soleil magnifique. Le thermom\u00e8tre affichera 25\u00b0C en moyenne. Le matin, une&hellip;\n","protected":false},"author":2,"featured_media":1167881,"comment_status":"","ping_status":"","sticky":false,"template":"","format":"standard","meta":{"footnotes":"","_share_on_mastodon":"0"},"categories":[2819],"tags":[1111,11,1777,674,1011,27,12,2401,2119,882,25],"class_list":["post-1167880","post","type-post","status-publish","format-standard","has-post-thumbnail","category-nice","tag-actu","tag-actualites","tag-eu","tag-europe","tag-fr","tag-france","tag-news","tag-nice","tag-previsions-meteo","tag-provence-alpes-cote-dazur","tag-republique-francaise"],"share_on_mastodon":{"url":"https:\/\/pubeurope.com\/@fr\/117215602100140351","error":""},"_links":{"self":[{"href":"https:\/\/www.europesays.com\/fr\/wp-json\/wp\/v2\/posts\/1167880","targetHints":{"allow":["GET"]}}],"collection":[{"href":"https:\/\/www.europesays.com\/fr\/wp-json\/wp\/v2\/posts"}],"about":[{"href":"https:\/\/www.europesays.com\/fr\/wp-json\/wp\/v2\/types\/post"}],"author":[{"embeddable":true,"href":"https:\/\/www.europesays.com\/fr\/wp-json\/wp\/v2\/users\/2"}],"replies":[{"embeddable":true,"href":"https:\/\/www.europesays.com\/fr\/wp-json\/wp\/v2\/comments?post=1167880"}],"version-history":[{"count":0,"href":"https:\/\/www.europesays.com\/fr\/wp-json\/wp\/v2\/posts\/1167880\/revisions"}],"wp:featuredmedia":[{"embeddable":true,"href":"https:\/\/www.europesays.com\/fr\/wp-json\/wp\/v2\/media\/1167881"}],"wp:attachment":[{"href":"https:\/\/www.europesays.com\/fr\/wp-json\/wp\/v2\/media?parent=1167880"}],"wp:term":[{"taxonomy":"category","embeddable":true,"href":"https:\/\/www.europesays.com\/fr\/wp-json\/wp\/v2\/categories?post=1167880"},{"taxonomy":"post_tag","embeddable":true,"href":"https:\/\/www.europesays.com\/fr\/wp-json\/wp\/v2\/tags?post=1167880"}],"curies":[{"name":"wp","href":"https:\/\/api.w.org\/{rel}","templated":true}]}}