{"id":1167884,"date":"2026-09-05T00:29:17","date_gmt":"2026-09-05T00:29:17","guid":{"rendered":"https:\/\/www.europesays.com\/fr\/1167884\/"},"modified":"2026-09-05T00:29:17","modified_gmt":"2026-09-05T00:29:17","slug":"meteo-nantes-previsions-du-samedi-5-septembre-2026","status":"publish","type":"post","link":"https:\/\/www.europesays.com\/fr\/1167884\/","title":{"rendered":"M\u00e9t\u00e9o Nantes : pr\u00e9visions du samedi 5 septembre 2026"},"content":{"rendered":"<p>Dans la journ\u00e9e, les temp\u00e9ratures tourneront autour des 21\u00b0C \u00e0 Nantes. Un petit vent de nord-est sera ressenti par les habitants. La grisaille ne se disperse toujours pas, il y aura encore des nuages le matin. L&rsquo;apr\u00e8s-midi, les Nantais vont pouvoir b\u00e9n\u00e9ficier d&rsquo;un soleil magnifique. Une m\u00e9t\u00e9o plus chaude est \u00e0 pr\u00e9voir puisque les temp\u00e9ratures vont enregistrer une hausse. Les valeurs afficheront entre 24 et 28\u00b0C. Durant la nuit de samedi \u00e0 dimanche, le ciel sera l\u00e9g\u00e8rement voil\u00e9.<\/p>\n<p>On notera la pr\u00e9sence persistante de nuages demain \u00e0 Nantes. C&rsquo;est une hausse de plusieurs degr\u00e9s que vont conna\u00eetre les temp\u00e9ratures. La ville va conna\u00eetre un passage d&rsquo;importantes chaleurs avec des temp\u00e9ratures qui rejoindront parfois les 34\u00b0C. Les valeurs seront comprises entre 17 et 34\u00b0C. Un vent de nord-est rafra\u00eechira l\u00e9g\u00e8rement l&rsquo;atmosph\u00e8re. C&rsquo;est \u00e0 un ciel couvert de nuages qu&rsquo;il faudra s&rsquo;attendre le matin. Les temp\u00e9ratures tourneront autour des 21\u00b0C. Demain apr\u00e8s-midi, encore des nuages dans le ciel qui emp\u00eachent le soleil d&rsquo;appara\u00eetre. Des pluies \u00e9parses tomberont. D&rsquo;un autre c\u00f4t\u00e9, les temp\u00e9ratures vont grimper de plusieurs degr\u00e9s. Attention \u00e0 la vague de chaud. Des valeurs de 29 \u00e0 34\u00b0C sont pr\u00e9vues. La soir\u00e9e va rester voil\u00e9e \u00e0 cause de nuages qui se maintiennent dans le ciel. Des pluies \u00e9parses vont tomber sur la ville. Il va faire 25\u00b0C en moyenne.<\/p>\n<p>Le temps des journ\u00e9es suivantes va \u00e9voluer peu \u00e0 peu. La m\u00e9t\u00e9o persistera lundi mais une d\u00e9gradation s&rsquo;ensuivra mardi.<\/p>\n<p><\/p>\n","protected":false},"excerpt":{"rendered":"Dans la journ\u00e9e, les temp\u00e9ratures tourneront autour des 21\u00b0C \u00e0 Nantes. Un petit vent de nord-est sera ressenti&hellip;\n","protected":false},"author":2,"featured_media":1167885,"comment_status":"","ping_status":"","sticky":false,"template":"","format":"standard","meta":{"footnotes":"","_share_on_mastodon":"0"},"categories":[2818],"tags":[1111,11,1777,674,1011,27,766,12,2636,2119,25],"class_list":["post-1167884","post","type-post","status-publish","format-standard","has-post-thumbnail","category-nantes","tag-actu","tag-actualites","tag-eu","tag-europe","tag-fr","tag-france","tag-nantes","tag-news","tag-pays-de-la-loire","tag-previsions-meteo","tag-republique-francaise"],"share_on_mastodon":{"url":"https:\/\/pubeurope.com\/@fr\/117215609799922037","error":""},"_links":{"self":[{"href":"https:\/\/www.europesays.com\/fr\/wp-json\/wp\/v2\/posts\/1167884","targetHints":{"allow":["GET"]}}],"collection":[{"href":"https:\/\/www.europesays.com\/fr\/wp-json\/wp\/v2\/posts"}],"about":[{"href":"https:\/\/www.europesays.com\/fr\/wp-json\/wp\/v2\/types\/post"}],"author":[{"embeddable":true,"href":"https:\/\/www.europesays.com\/fr\/wp-json\/wp\/v2\/users\/2"}],"replies":[{"embeddable":true,"href":"https:\/\/www.europesays.com\/fr\/wp-json\/wp\/v2\/comments?post=1167884"}],"version-history":[{"count":0,"href":"https:\/\/www.europesays.com\/fr\/wp-json\/wp\/v2\/posts\/1167884\/revisions"}],"wp:featuredmedia":[{"embeddable":true,"href":"https:\/\/www.europesays.com\/fr\/wp-json\/wp\/v2\/media\/1167885"}],"wp:attachment":[{"href":"https:\/\/www.europesays.com\/fr\/wp-json\/wp\/v2\/media?parent=1167884"}],"wp:term":[{"taxonomy":"category","embeddable":true,"href":"https:\/\/www.europesays.com\/fr\/wp-json\/wp\/v2\/categories?post=1167884"},{"taxonomy":"post_tag","embeddable":true,"href":"https:\/\/www.europesays.com\/fr\/wp-json\/wp\/v2\/tags?post=1167884"}],"curies":[{"name":"wp","href":"https:\/\/api.w.org\/{rel}","templated":true}]}}