{"id":1167888,"date":"2026-09-05T00:31:18","date_gmt":"2026-09-05T00:31:18","guid":{"rendered":"https:\/\/www.europesays.com\/fr\/1167888\/"},"modified":"2026-09-05T00:31:18","modified_gmt":"2026-09-05T00:31:18","slug":"meteo-bordeaux-previsions-du-samedi-5-septembre-2026","status":"publish","type":"post","link":"https:\/\/www.europesays.com\/fr\/1167888\/","title":{"rendered":"M\u00e9t\u00e9o Bordeaux : pr\u00e9visions du samedi 5 septembre 2026"},"content":{"rendered":"<p>Un bel ensoleillement est attendu aujourd&rsquo;hui \u00e0 Bordeaux. Les temp\u00e9ratures s&rsquo;\u00e9chelonneront entre 17 et 34\u00b0C. Une modeste brise de nord-est sera ressentie par les habitants. L&rsquo;air ambiant va se r\u00e9chauffer l&rsquo;apr\u00e8s-midi avec une hausse de plusieurs degr\u00e9s. Les valeurs maximales attendues sont importantes, avec 34\u00b0C. Un ciel voil\u00e9 avec un d\u00e9veloppement de nuages est annonc\u00e9 dans la soir\u00e9e. Les temp\u00e9ratures \u00e9volueront entre 27 et 33\u2009\u00b0C. On passera de samedi \u00e0 dimanche par une nuit l\u00e9g\u00e8rement voil\u00e9e.<\/p>\n<p>La grisaille ne se disperse toujours pas, il va y avoir encore des nuages demain. C&rsquo;est une hausse de quelques degr\u00e9s que vont enregistrer les temp\u00e9ratures dans la ville de Bordeaux. La ville va conna\u00eetre un passage de fortes chaleurs avec des valeurs qui atteindront parfois les 34\u00b0C. Les temp\u00e9ratures seront comprises entre 22 et 34\u00b0C. Un vent d&rsquo;ouest rafra\u00eechira sensiblement l&rsquo;atmosph\u00e8re. Le matin, le soleil sera dissimul\u00e9 derri\u00e8re des nuages. La p\u00e9riode de grosses chaleurs est bien l\u00e0, avec des valeurs qui pourront aller \u00e0 31\u00b0C. Le soleil peinera \u00e0 percer au milieu des nuages qui subsisteront dans l&rsquo;apr\u00e8s-midi. En revanche, les temp\u00e9ratures vont conna\u00eetre une augmentation de plusieurs degr\u00e9s. La ville va souffrir d&rsquo;importantes chaleurs avec des temp\u00e9ratures qui devraient monter jusqu&rsquo;\u00e0 34\u00b0C. Toujours de la grisaille demain soir. Les nuages vont s&rsquo;attarder. Il faudra anticiper des perturbations, les Bordelais se retrouveront sous des pluies \u00e9parses. De tr\u00e8s fortes chaleurs (entre 24\u00b0C et 31\u00b0C) sont annonc\u00e9es.<\/p>\n<p>Lundi, les conditions m\u00e9t\u00e9orologiques seront ensoleill\u00e9es tandis qu&rsquo;une d\u00e9gradation est pr\u00e9vue mardi.<\/p>\n<p>Lors de forte chaleur, il est bon de se rafra\u00eechir par n&rsquo;importe quel moyen. Hydratez-vous bien, prenez des douches r\u00e9guli\u00e8rement, uilisez un brumisateur et tenez vos volets ferm\u00e9s pendant la journ\u00e9e.<\/p>\n","protected":false},"excerpt":{"rendered":"Un bel ensoleillement est attendu aujourd&rsquo;hui \u00e0 Bordeaux. Les temp\u00e9ratures s&rsquo;\u00e9chelonneront entre 17 et 34\u00b0C. Une modeste brise&hellip;\n","protected":false},"author":2,"featured_media":1167889,"comment_status":"","ping_status":"","sticky":false,"template":"","format":"standard","meta":{"footnotes":"","_share_on_mastodon":"0"},"categories":[2817],"tags":[1111,11,1997,1777,674,1011,27,12,2219,2119,25],"class_list":["post-1167888","post","type-post","status-publish","format-standard","has-post-thumbnail","category-bordeaux","tag-actu","tag-actualites","tag-bordeaux","tag-eu","tag-europe","tag-fr","tag-france","tag-news","tag-nouvelle-aquitaine","tag-previsions-meteo","tag-republique-francaise"],"share_on_mastodon":{"url":"https:\/\/pubeurope.com\/@fr\/117215617889254089","error":""},"_links":{"self":[{"href":"https:\/\/www.europesays.com\/fr\/wp-json\/wp\/v2\/posts\/1167888","targetHints":{"allow":["GET"]}}],"collection":[{"href":"https:\/\/www.europesays.com\/fr\/wp-json\/wp\/v2\/posts"}],"about":[{"href":"https:\/\/www.europesays.com\/fr\/wp-json\/wp\/v2\/types\/post"}],"author":[{"embeddable":true,"href":"https:\/\/www.europesays.com\/fr\/wp-json\/wp\/v2\/users\/2"}],"replies":[{"embeddable":true,"href":"https:\/\/www.europesays.com\/fr\/wp-json\/wp\/v2\/comments?post=1167888"}],"version-history":[{"count":0,"href":"https:\/\/www.europesays.com\/fr\/wp-json\/wp\/v2\/posts\/1167888\/revisions"}],"wp:featuredmedia":[{"embeddable":true,"href":"https:\/\/www.europesays.com\/fr\/wp-json\/wp\/v2\/media\/1167889"}],"wp:attachment":[{"href":"https:\/\/www.europesays.com\/fr\/wp-json\/wp\/v2\/media?parent=1167888"}],"wp:term":[{"taxonomy":"category","embeddable":true,"href":"https:\/\/www.europesays.com\/fr\/wp-json\/wp\/v2\/categories?post=1167888"},{"taxonomy":"post_tag","embeddable":true,"href":"https:\/\/www.europesays.com\/fr\/wp-json\/wp\/v2\/tags?post=1167888"}],"curies":[{"name":"wp","href":"https:\/\/api.w.org\/{rel}","templated":true}]}}