{"id":1167892,"date":"2026-09-05T00:33:14","date_gmt":"2026-09-05T00:33:14","guid":{"rendered":"https:\/\/www.europesays.com\/fr\/1167892\/"},"modified":"2026-09-05T00:33:14","modified_gmt":"2026-09-05T00:33:14","slug":"meteo-toulouse-previsions-du-samedi-5-septembre-2026","status":"publish","type":"post","link":"https:\/\/www.europesays.com\/fr\/1167892\/","title":{"rendered":"M\u00e9t\u00e9o Toulouse : pr\u00e9visions du samedi 5 septembre 2026"},"content":{"rendered":"<p>C&rsquo;est une belle journ\u00e9e dont va profiter Toulouse, o\u00f9 le soleil va briller intens\u00e9ment. Les temp\u00e9ratures s&rsquo;\u00e9chelonneront entre 18 et 35\u00b0C. Les valeurs avoisineront les 22\u00b0C dans la matin\u00e9e. Un vent de nord-ouest soufflera l\u00e9g\u00e8rement. L&rsquo;air ambiant va se r\u00e9chauffer l&rsquo;apr\u00e8s-midi avec une hausse de plusieurs degr\u00e9s. La ville va subir un passage de grosses chaleurs avec des temp\u00e9ratures qui atteindront parfois les 35\u00b0C. Le soleil manquera le soir, car le ciel sera couvert par des nuages. Les valeurs maximales annonc\u00e9es sont importantes, avec 34\u00b0C. Durant la nuit de samedi \u00e0 dimanche, le ciel sera limpide.<\/p>\n<p>Demain, c&rsquo;est une hausse de plusieurs degr\u00e9s que vont conna\u00eetre les temp\u00e9ratures dans la ville de Toulouse. Les fortes chaleurs sont pr\u00e9sentes. Avec des temp\u00e9ratures \u00e9chelonn\u00e9es entre 23 et 40\u00b0C. Un vent de sud-est rafra\u00eechira l\u00e9g\u00e8rement l&rsquo;atmosph\u00e8re. Le matin, des nuages ne voudront pas c\u00e9der leur place au soleil. La p\u00e9riode de grosses chaleurs est bien l\u00e0, avec des valeurs qui pourront aller \u00e0 34\u00b0C. La m\u00e9t\u00e9o devrait s&rsquo;am\u00e9liorer durant l&rsquo;apr\u00e8s-midi. Un temps plus chaud est \u00e0 pr\u00e9voir \u00e9tant donn\u00e9 que le mercure va enregistrer une augmentation. Prenez garde \u00e0 la vague de chaleur. Des temp\u00e9ratures de 37 \u00e0 40\u00b0C sont pr\u00e9vues. D\u00e8s demain soir, les valeurs \u00e9volueront entre 31 et 35\u2009\u00b0C.<\/p>\n<p>Peu de changements pour la suite. Le temps sera ensoleill\u00e9 avec des temp\u00e9ratures d&rsquo;environ 32\u00b0C.<\/p>\n<p>Les beaux jours ne doivent pas faire oublier les dangers du soleil. Il faut bien s\u00fbr utiliser de la cr\u00e8me solaire et penser \u00e0 s&rsquo;hydrater, mais \u00e9galement prendre garde \u00e0 \u00e9conomiser l&rsquo;eau du robinet.<\/p>\n","protected":false},"excerpt":{"rendered":"C&rsquo;est une belle journ\u00e9e dont va profiter Toulouse, o\u00f9 le soleil va briller intens\u00e9ment. Les temp\u00e9ratures s&rsquo;\u00e9chelonneront entre&hellip;\n","protected":false},"author":2,"featured_media":1167893,"comment_status":"","ping_status":"","sticky":false,"template":"","format":"standard","meta":{"footnotes":"","_share_on_mastodon":"0"},"categories":[2816],"tags":[1111,11,1777,674,1011,27,12,2680,2119,25,2312],"class_list":["post-1167892","post","type-post","status-publish","format-standard","has-post-thumbnail","category-toulouse","tag-actu","tag-actualites","tag-eu","tag-europe","tag-fr","tag-france","tag-news","tag-occitanie","tag-previsions-meteo","tag-republique-francaise","tag-toulouse"],"share_on_mastodon":{"url":"https:\/\/pubeurope.com\/@fr\/117215625736335419","error":""},"_links":{"self":[{"href":"https:\/\/www.europesays.com\/fr\/wp-json\/wp\/v2\/posts\/1167892","targetHints":{"allow":["GET"]}}],"collection":[{"href":"https:\/\/www.europesays.com\/fr\/wp-json\/wp\/v2\/posts"}],"about":[{"href":"https:\/\/www.europesays.com\/fr\/wp-json\/wp\/v2\/types\/post"}],"author":[{"embeddable":true,"href":"https:\/\/www.europesays.com\/fr\/wp-json\/wp\/v2\/users\/2"}],"replies":[{"embeddable":true,"href":"https:\/\/www.europesays.com\/fr\/wp-json\/wp\/v2\/comments?post=1167892"}],"version-history":[{"count":0,"href":"https:\/\/www.europesays.com\/fr\/wp-json\/wp\/v2\/posts\/1167892\/revisions"}],"wp:featuredmedia":[{"embeddable":true,"href":"https:\/\/www.europesays.com\/fr\/wp-json\/wp\/v2\/media\/1167893"}],"wp:attachment":[{"href":"https:\/\/www.europesays.com\/fr\/wp-json\/wp\/v2\/media?parent=1167892"}],"wp:term":[{"taxonomy":"category","embeddable":true,"href":"https:\/\/www.europesays.com\/fr\/wp-json\/wp\/v2\/categories?post=1167892"},{"taxonomy":"post_tag","embeddable":true,"href":"https:\/\/www.europesays.com\/fr\/wp-json\/wp\/v2\/tags?post=1167892"}],"curies":[{"name":"wp","href":"https:\/\/api.w.org\/{rel}","templated":true}]}}