{"id":1167895,"date":"2026-09-05T00:35:25","date_gmt":"2026-09-05T00:35:25","guid":{"rendered":"https:\/\/www.europesays.com\/fr\/1167895\/"},"modified":"2026-09-05T00:35:25","modified_gmt":"2026-09-05T00:35:25","slug":"meteo-lille-previsions-du-samedi-5-septembre-2026","status":"publish","type":"post","link":"https:\/\/www.europesays.com\/fr\/1167895\/","title":{"rendered":"M\u00e9t\u00e9o Lille : pr\u00e9visions du samedi 5 septembre 2026"},"content":{"rendered":"<p>C&rsquo;est un soleil magnifique qui va briller aujourd&rsquo;hui sur Lille. Les valeurs s&rsquo;\u00e9chelonneront de 13 \u00e0 22\u00b0C. Il va faire en moyenne 16\u00b0C, le matin. Une brise d&rsquo;ouest soufflera doucement. Une m\u00e9t\u00e9o plus chaude est \u00e0 pr\u00e9voir l&rsquo;apr\u00e8s-midi puisque le mercure va conna\u00eetre une l\u00e9g\u00e8re augmentation. Les maximales pourront atteindre 22\u00b0C alors que les minimales seront de 20\u00b0C. C&rsquo;est un ciel d\u00e9pourvu de nuages que conna\u00eetra la nuit de samedi \u00e0 dimanche.<\/p>\n<p>La grisaille ne se dissipe toujours pas, il y aura encore des nuages demain. La m\u00e9t\u00e9o va se r\u00e9chauffer \u00e0 Lille avec une hausse de quelques degr\u00e9s. Les temp\u00e9ratures s&rsquo;\u00e9chelonneront entre 12 et 26\u00b0C. Un petit vent de sud-est sera ressenti par les habitants. Le matin, le soleil sera cach\u00e9 derri\u00e8re des nuages. Les temp\u00e9ratures seront de 16\u00b0C. Toujours de la grisaille demain apr\u00e8s-midi. Les nuages vont stationner. D&rsquo;un autre c\u00f4t\u00e9, c&rsquo;est une hausse de plusieurs degr\u00e9s que vont enregistrer les temp\u00e9ratures. Les valeurs seront de 22\u00b0C au plus bas et de 26\u00b0C au plus haut. La soir\u00e9e va rester couverte \u00e0 cause de nuages qui perdurent dans le ciel. Le mercure affichera 23\u00b0C en moyenne.<\/p>\n<p>Les conditions m\u00e9t\u00e9orologiques des jours suivants vont \u00e9voluer peu \u00e0 peu. La m\u00e9t\u00e9o persistera lundi mais une d\u00e9gradation s&rsquo;ensuivra mardi.<\/p>\n<p><\/p>\n","protected":false},"excerpt":{"rendered":"C&rsquo;est un soleil magnifique qui va briller aujourd&rsquo;hui sur Lille. Les valeurs s&rsquo;\u00e9chelonneront de 13 \u00e0 22\u00b0C. Il&hellip;\n","protected":false},"author":2,"featured_media":1167896,"comment_status":"","ping_status":"","sticky":false,"template":"","format":"standard","meta":{"footnotes":"","_share_on_mastodon":"0"},"categories":[2815],"tags":[1111,11,1777,674,1011,27,811,1307,12,2119,25],"class_list":["post-1167895","post","type-post","status-publish","format-standard","has-post-thumbnail","category-lille","tag-actu","tag-actualites","tag-eu","tag-europe","tag-fr","tag-france","tag-hauts-de-france","tag-lille","tag-news","tag-previsions-meteo","tag-republique-francaise"],"share_on_mastodon":{"url":"https:\/\/pubeurope.com\/@fr\/117215633305973361","error":""},"_links":{"self":[{"href":"https:\/\/www.europesays.com\/fr\/wp-json\/wp\/v2\/posts\/1167895","targetHints":{"allow":["GET"]}}],"collection":[{"href":"https:\/\/www.europesays.com\/fr\/wp-json\/wp\/v2\/posts"}],"about":[{"href":"https:\/\/www.europesays.com\/fr\/wp-json\/wp\/v2\/types\/post"}],"author":[{"embeddable":true,"href":"https:\/\/www.europesays.com\/fr\/wp-json\/wp\/v2\/users\/2"}],"replies":[{"embeddable":true,"href":"https:\/\/www.europesays.com\/fr\/wp-json\/wp\/v2\/comments?post=1167895"}],"version-history":[{"count":0,"href":"https:\/\/www.europesays.com\/fr\/wp-json\/wp\/v2\/posts\/1167895\/revisions"}],"wp:featuredmedia":[{"embeddable":true,"href":"https:\/\/www.europesays.com\/fr\/wp-json\/wp\/v2\/media\/1167896"}],"wp:attachment":[{"href":"https:\/\/www.europesays.com\/fr\/wp-json\/wp\/v2\/media?parent=1167895"}],"wp:term":[{"taxonomy":"category","embeddable":true,"href":"https:\/\/www.europesays.com\/fr\/wp-json\/wp\/v2\/categories?post=1167895"},{"taxonomy":"post_tag","embeddable":true,"href":"https:\/\/www.europesays.com\/fr\/wp-json\/wp\/v2\/tags?post=1167895"}],"curies":[{"name":"wp","href":"https:\/\/api.w.org\/{rel}","templated":true}]}}