{"id":1167899,"date":"2026-09-05T00:37:16","date_gmt":"2026-09-05T00:37:16","guid":{"rendered":"https:\/\/www.europesays.com\/fr\/1167899\/"},"modified":"2026-09-05T00:37:16","modified_gmt":"2026-09-05T00:37:16","slug":"meteo-marseille-previsions-du-samedi-5-septembre-2026","status":"publish","type":"post","link":"https:\/\/www.europesays.com\/fr\/1167899\/","title":{"rendered":"M\u00e9t\u00e9o Marseille : pr\u00e9visions du samedi 5 septembre 2026"},"content":{"rendered":"<p>Marseille va \u00eatre baign\u00e9e de soleil durant cette journ\u00e9e. Les valeurs seront de 25\u00b0C au minimum et de 34\u00b0C au plus haut. Un vent de nord-ouest est pr\u00e9vu : il soufflera \u00e0 21 km\/h. Le matin, de tr\u00e8s importantes chaleurs (entre 25\u00b0C et 30\u00b0C) sont annonc\u00e9es. On anticipe des temp\u00e9ratures d&rsquo;environ 27\u00b0C. Les valeurs vont enregistrer une augmentation de plusieurs degr\u00e9s dans l&rsquo;apr\u00e8s-midi. Les valeurs maximums pr\u00e9vues sont \u00e9lev\u00e9es, avec 34\u00b0C. La p\u00e9riode de fortes chaleurs est bien l\u00e0, avec des temp\u00e9ratures qui risqueront d&rsquo;aller jusqu&rsquo;\u00e0 33\u00b0C le soir. On attend une nuit avec un ciel assez clair.<\/p>\n<p>Une chute des temp\u00e9ratures est \u00e0 pr\u00e9voir \u00e0 Marseille, demain. Les grosses chaleurs sont install\u00e9es. Avec des valeurs \u00e9chelonn\u00e9es entre 25 et 30\u00b0C. Les temp\u00e9ratures seront comprises entre 25 et 30\u00b0C. Une modeste brise de sud-est sera ressentie par les habitants. Le ciel sera toujours couvert le matin avec de l\u00e9gers nuages. Les valeurs avoisineront les 26\u00b0C. Le soleil sera dominant, la garantie d&rsquo;un magnifique apr\u00e8s-midi ! Les temp\u00e9ratures s&rsquo;\u00e9chelonneront de 26 \u00e0 28\u00b0C. Apr\u00e8s quelques passages nuageux, des \u00e9claircies sont pr\u00e9vues : on passera une soir\u00e9e cl\u00e9mente.<\/p>\n<p>Les jours se suivent et se ressemblent. Il va faire un temps relativement ensoleill\u00e9 avec des temp\u00e9ratures avoisinant 28\u00b0C.<\/p>\n<p>N&rsquo;oubliez pas de bien vous hydrater, m\u00eame si vous n&rsquo;avez pas soif, pendant ces jours de fortes chaleurs. Evitez de vous exposer entre 12h et 16h et faites tr\u00e8s attention aux personnes les plus fragiles comme les seniors ou les nouveau-n\u00e9s.<\/p>\n","protected":false},"excerpt":{"rendered":"Marseille va \u00eatre baign\u00e9e de soleil durant cette journ\u00e9e. Les valeurs seront de 25\u00b0C au minimum et de&hellip;\n","protected":false},"author":2,"featured_media":1167900,"comment_status":"","ping_status":"","sticky":false,"template":"","format":"standard","meta":{"footnotes":"","_share_on_mastodon":"0"},"categories":[2814],"tags":[1111,11,1777,674,1011,27,884,12,2119,882,25],"class_list":["post-1167899","post","type-post","status-publish","format-standard","has-post-thumbnail","category-marseille","tag-actu","tag-actualites","tag-eu","tag-europe","tag-fr","tag-france","tag-marseille","tag-news","tag-previsions-meteo","tag-provence-alpes-cote-dazur","tag-republique-francaise"],"share_on_mastodon":{"url":"https:\/\/pubeurope.com\/@fr\/117215641441516581","error":""},"_links":{"self":[{"href":"https:\/\/www.europesays.com\/fr\/wp-json\/wp\/v2\/posts\/1167899","targetHints":{"allow":["GET"]}}],"collection":[{"href":"https:\/\/www.europesays.com\/fr\/wp-json\/wp\/v2\/posts"}],"about":[{"href":"https:\/\/www.europesays.com\/fr\/wp-json\/wp\/v2\/types\/post"}],"author":[{"embeddable":true,"href":"https:\/\/www.europesays.com\/fr\/wp-json\/wp\/v2\/users\/2"}],"replies":[{"embeddable":true,"href":"https:\/\/www.europesays.com\/fr\/wp-json\/wp\/v2\/comments?post=1167899"}],"version-history":[{"count":0,"href":"https:\/\/www.europesays.com\/fr\/wp-json\/wp\/v2\/posts\/1167899\/revisions"}],"wp:featuredmedia":[{"embeddable":true,"href":"https:\/\/www.europesays.com\/fr\/wp-json\/wp\/v2\/media\/1167900"}],"wp:attachment":[{"href":"https:\/\/www.europesays.com\/fr\/wp-json\/wp\/v2\/media?parent=1167899"}],"wp:term":[{"taxonomy":"category","embeddable":true,"href":"https:\/\/www.europesays.com\/fr\/wp-json\/wp\/v2\/categories?post=1167899"},{"taxonomy":"post_tag","embeddable":true,"href":"https:\/\/www.europesays.com\/fr\/wp-json\/wp\/v2\/tags?post=1167899"}],"curies":[{"name":"wp","href":"https:\/\/api.w.org\/{rel}","templated":true}]}}