{"id":1167901,"date":"2026-09-05T00:38:18","date_gmt":"2026-09-05T00:38:18","guid":{"rendered":"https:\/\/www.europesays.com\/fr\/1167901\/"},"modified":"2026-09-05T00:38:18","modified_gmt":"2026-09-05T00:38:18","slug":"metropole-de-lyon-le-barbecue-tourne-mal-les-flammes-embrasent-la-facade-dune-maison-a-chassieu","status":"publish","type":"post","link":"https:\/\/www.europesays.com\/fr\/1167901\/","title":{"rendered":"M\u00e9tropole de Lyon. Le barbecue tourne mal\u00a0: les flammes embrasent la fa\u00e7ade d\u2019une maison \u00e0 Chassieu"},"content":{"rendered":"<p>Les pompiers ont \u00e9t\u00e9 alert\u00e9s aux alentours de 19h30 ce vendredi. Un incendie a touch\u00e9 une maison situ\u00e9e au 2 rue Paul-Verlaine, \u00e0 Chassieu. Selon les informations recueillies sur place par Le Progr\u00e8s, le barbecue, allum\u00e9 pr\u00e8s d\u2019un carport accol\u00e9 \u00e0 la maison, a mal tourn\u00e9.<\/p>\n<p>  Les occupants ont pu sauver leurs v\u00e9hicules<\/p>\n<p>Les <a href=\"https:\/\/www.leprogres.fr\/faits-divers-justice\/2026\/09\/04\/un-nouvel-incendie-a-vaugneray-deja-trois-hectares-de-brules-38-engins-engages\" target=\"_blank\" rel=\"nofollow noopener\">flammes <\/a>ont rapidement gagn\u00e9 l\u2019abri de voiture. Puis le feu s\u2019est propag\u00e9 \u00e0 la fa\u00e7ade et \u00e0 la toiture de la maison. Avec l\u2019aide des voisins, les occupants &#8211; un couple et deux enfants &#8211; ont r\u00e9ussi \u00e0 sortir deux v\u00e9hicules et une moto sur la voie publique avant l\u2019arriv\u00e9e d\u2019une vingtaine de pompiers. Ces derniers ont permis d\u2019\u00e9viter la propagation de l\u2019incendie \u00e0 l\u2019int\u00e9gralit\u00e9 de la maison.<\/p>\n<p>La famille, relog\u00e9e cette nuit par des proches, pourrait regagner son logement d\u00e8s ce samedi 5\u00a0septembre. Une \u00e9lue de la Ville, des policiers municipaux et des policiers nationaux se sont rendus sur place. Des agents de GRDF se sont aussi d\u00e9plac\u00e9s\u00a0: aucune fuite de gaz n\u2019a \u00e9t\u00e9 constat\u00e9e.<\/p>\n","protected":false},"excerpt":{"rendered":"Les pompiers ont \u00e9t\u00e9 alert\u00e9s aux alentours de 19h30 ce vendredi. Un incendie a touch\u00e9 une maison situ\u00e9e&hellip;\n","protected":false},"author":2,"featured_media":1167902,"comment_status":"","ping_status":"","sticky":false,"template":"","format":"standard","meta":{"footnotes":"","_share_on_mastodon":"0"},"categories":[1889],"tags":[1111,11,2430,35980,3152,1777,674,274,107,1011,27,1310,2428,12,18283,25,2429],"class_list":["post-1167901","post","type-post","status-publish","format-standard","has-post-thumbnail","category-lyon","tag-actu","tag-actualites","tag-auvergne-rhone-alpes","tag-chassieu","tag-edition-est-lyonnais","tag-eu","tag-europe","tag-faits-divers-justice","tag-fil-info","tag-fr","tag-france","tag-incendie","tag-lyon","tag-news","tag-plaine-de-lest","tag-republique-francaise","tag-rhone"],"share_on_mastodon":{"url":"https:\/\/pubeurope.com\/@fr\/117215645402098875","error":""},"_links":{"self":[{"href":"https:\/\/www.europesays.com\/fr\/wp-json\/wp\/v2\/posts\/1167901","targetHints":{"allow":["GET"]}}],"collection":[{"href":"https:\/\/www.europesays.com\/fr\/wp-json\/wp\/v2\/posts"}],"about":[{"href":"https:\/\/www.europesays.com\/fr\/wp-json\/wp\/v2\/types\/post"}],"author":[{"embeddable":true,"href":"https:\/\/www.europesays.com\/fr\/wp-json\/wp\/v2\/users\/2"}],"replies":[{"embeddable":true,"href":"https:\/\/www.europesays.com\/fr\/wp-json\/wp\/v2\/comments?post=1167901"}],"version-history":[{"count":0,"href":"https:\/\/www.europesays.com\/fr\/wp-json\/wp\/v2\/posts\/1167901\/revisions"}],"wp:featuredmedia":[{"embeddable":true,"href":"https:\/\/www.europesays.com\/fr\/wp-json\/wp\/v2\/media\/1167902"}],"wp:attachment":[{"href":"https:\/\/www.europesays.com\/fr\/wp-json\/wp\/v2\/media?parent=1167901"}],"wp:term":[{"taxonomy":"category","embeddable":true,"href":"https:\/\/www.europesays.com\/fr\/wp-json\/wp\/v2\/categories?post=1167901"},{"taxonomy":"post_tag","embeddable":true,"href":"https:\/\/www.europesays.com\/fr\/wp-json\/wp\/v2\/tags?post=1167901"}],"curies":[{"name":"wp","href":"https:\/\/api.w.org\/{rel}","templated":true}]}}