{"id":1167903,"date":"2026-09-05T00:39:17","date_gmt":"2026-09-05T00:39:17","guid":{"rendered":"https:\/\/www.europesays.com\/fr\/1167903\/"},"modified":"2026-09-05T00:39:17","modified_gmt":"2026-09-05T00:39:17","slug":"ligue-1-convaincant-lyon-maitrise-auxerre-et-prend-la-tete-provisoire-du-championnat","status":"publish","type":"post","link":"https:\/\/www.europesays.com\/fr\/1167903\/","title":{"rendered":"Ligue 1. Convaincant, Lyon ma\u00eetrise Auxerre et prend la t\u00eate provisoire du championnat"},"content":{"rendered":"<p data-ofstats-scroll=\"read_depth_10\">Gr\u00e2ce \u00e0 sa victoire \u00e0 domicile contre Auxerre\u00a0(3-1) et sous une chaleur accablante, ce vendredi soir 4\u00a0septembre 2026, l\u2019Olympique Lyonnais\u00a0a provisoirement pris la t\u00eate de la Ligue 1\u00a0devant Lille, lors de la 3e journ\u00e9e du championnat.<\/p>\n<p data-ofstats-scroll=\"read_depth_20\">L\u2019OL\u00a0(7\u00a0points) devance \u00e0 la diff\u00e9rence de buts le Losc\u00a0(2e), vainqueur jeudi 3\u00a0septembre \u00e0 Toulouse\u00a0(1-0), en attendant le r\u00e9sultat de Monaco\u00a0(3e, 6\u00a0pts) sur la pelouse du Paris SG dans la soir\u00e9e. L\u2019AJA, seule \u00e9quipe \u00e0 rester \u00e0 z\u00e9ro et qui a d\u00e9j\u00e0 conc\u00e9d\u00e9 onze buts, occupe la derni\u00e8re place du classement apr\u00e8s trois d\u00e9faites cons\u00e9cutives.<\/p>\n<p>        Les\u00a0Rhodaniens se relancent<\/p>\n<p data-ofstats-scroll=\"read_depth_30\">Apr\u00e8s une mauvaise semaine marqu\u00e9e par son \u00e9limination en barrage de la Ligue des champions suivie d\u2019un match nul \u00e0 domicile contre Le Havre\u00a0(1-1), les Rhodaniens semblent s\u2019\u00eatre relanc\u00e9s et avoir bien dig\u00e9r\u00e9 les effets du mercato avec notamment le d\u00e9part de leur fer de lance offensif, Malick Fofana, transf\u00e9r\u00e9 pour trente millions d\u2019euros \u00e0 Sunderland\u00a0(Angleterre).<\/p>\n<p data-ofstats-scroll=\"read_depth_30\"><strong>Lire aussi\u00a0:<\/strong> <a href=\"http:\/\/ouest-france.fr\/sport\/football\/transferts\/mercato-des-offres-darsenal-et-de-crystal-palace-un-accord-final-avec-sunderland-la-folle-journee-de-malick-fofana-5f6a984e-a6b5-11f1-95a1-d7cb1b3759ac\" target=\"_self\" rel=\"nofollow noopener\">Mercato. Des offres d\u2019Arsenal et de Crystal Palace, un accord final avec Sunderland\u2026 La folle journ\u00e9e de Malick Fofana<\/a><\/p>\n<p data-ofstats-scroll=\"read_depth_40\">Jeudi en conf\u00e9rence de presse, l\u2019entra\u00eeneur de l\u2019Olympique lyonnais, Paulo Fonseca, se d\u00e9clarait satisfait du recrutement et estimait son effectif plus complet que celui de la saison derni\u00e8re. Ce sont d\u2019ailleurs deux recrues qui ont donn\u00e9 le ton en portant le score \u00e0 2-0.<\/p>\n<\/p>\n<p data-ofstats-scroll=\"read_depth_50\">Le d\u00e9fenseur central autrichien Felix Bacher a ouvert la marque \u00e0 la r\u00e9ception d\u2019un corner jou\u00e9 par Ernest Nuamah\u00a0(28e). Trois minutes plus tard, c\u2019est l\u2019arri\u00e8re droit suisse, Zachary Athekame qui a marqu\u00e9 apr\u00e8s une passe en retrait de Lo\u00efs Openda\u00a0(31e).<\/p>\n<p data-ofstats-scroll=\"read_depth_50\">Ce dernier, d\u00e9j\u00e0 bien int\u00e9gr\u00e9 au collectif lyonnais, s\u2019est aussi montr\u00e9 tr\u00e8s actif sur le front de l\u2019attaque et aurait pu \u00eatre r\u00e9compens\u00e9 si son but marqu\u00e9 \u00e0 la 18e minute n\u2019avait \u00e9t\u00e9 refus\u00e9 pour un tr\u00e8s l\u00e9ger hors-jeu apr\u00e8s visionnage vid\u00e9o.<\/p>\n<\/p>\n<p>        63\u00a0% de possession pour Lyon<\/p>\n<p data-ofstats-scroll=\"read_depth_70\">La VAR a aussi sauv\u00e9 l\u2019OL apr\u00e8s l\u2019ouverture du score refus\u00e9e \u00e0 Auxerre et \u00e0 l\u2019Anglais Cameron Archer en raison d\u2019une faute pr\u00e9alable de Kevin Danois sur Corentin Tolisso au centre du terrain\u00a0(22e).\u00a0Plus tard, l\u2019AJA a toutefois r\u00e9duit l\u2019\u00e9cart, toujours par Archer, qui a profit\u00e9 d\u2019une situation confuse sur laquelle la d\u00e9fense rhodanienne n\u2019est pas parvenue \u00e0 se d\u00e9gager\u00a0(2-1, 42e).<\/p>\n<p data-ofstats-scroll=\"read_depth_80\">Lyon, avec plus de 63\u00a0% de possession du ballon essentiellement dans le camp adverse, a largement domin\u00e9 la rencontre\u00a0(14\u00a0occasions \u00e0 5, 7\u00a0tirs cadr\u00e9s \u00e0 3) face \u00e0 une formation auxerroise parfois \u00e0 la d\u00e9rive.\u00a0L\u2019OL aurait pu gagner plus largement avec les situations que se sont cr\u00e9\u00e9s Openda\u00a0(7e, 16e, 82e), qui a aussi tir\u00e9 sur la barre\u00a0(45+\u00a02), Tolisso\u00a0(37e ou Mads Bidstrup\u00a0(40e).<\/p>\n<p data-ofstats-scroll=\"read_depth_90\">En d\u00e9but de seconde p\u00e9riode, Nuamah a marqu\u00e9 le troisi\u00e8me but lyonnais apr\u00e8s une passe de Bidstrup, puis un exploit personnel conclu par un tir crois\u00e9\u00a0(3-1, 53e). En fin de partie, Ka\u00efl Boudache a lui aussi trouv\u00e9 la barre avant d\u2019\u00eatre stopp\u00e9 in extremis par le gardien Mamadou Diop\u00a0(89e).<\/p>\n<p data-ofstats-scroll=\"read_depth_100\">\u00c0 l\u2019inverse, la d\u00e9fense lyonnaise a parfois \u00e9t\u00e9 h\u00e9sitante et aurait pu, apr\u00e8s le but marqu\u00e9 par l\u2019AJA, se faire surprendre sur un tir de Cl\u00e9ment Akpa repouss\u00e9 par Dominik Greif\u00a0(49) lequel a aussi d\u00e9tourn\u00e9 une reprise de la t\u00eate de Danny Namaso\u00a0(56)<\/p>\n","protected":false},"excerpt":{"rendered":"Gr\u00e2ce \u00e0 sa victoire \u00e0 domicile contre Auxerre\u00a0(3-1) et sous une chaleur accablante, ce vendredi soir 4\u00a0septembre 2026,&hellip;\n","protected":false},"author":2,"featured_media":1167904,"comment_status":"","ping_status":"","sticky":false,"template":"","format":"standard","meta":{"footnotes":"","_share_on_mastodon":"0"},"categories":[1889],"tags":[1111,11,4428,2430,4245,1777,674,63,1011,27,66,2428,12,978,25],"class_list":["post-1167903","post","type-post","status-publish","format-standard","has-post-thumbnail","category-lyon","tag-actu","tag-actualites","tag-aj-auxerre","tag-auvergne-rhone-alpes","tag-auxerre","tag-eu","tag-europe","tag-football","tag-fr","tag-france","tag-ligue-1","tag-lyon","tag-news","tag-olympique-lyonnais","tag-republique-francaise"],"share_on_mastodon":{"url":"https:\/\/pubeurope.com\/@fr\/117215649203594595","error":""},"_links":{"self":[{"href":"https:\/\/www.europesays.com\/fr\/wp-json\/wp\/v2\/posts\/1167903","targetHints":{"allow":["GET"]}}],"collection":[{"href":"https:\/\/www.europesays.com\/fr\/wp-json\/wp\/v2\/posts"}],"about":[{"href":"https:\/\/www.europesays.com\/fr\/wp-json\/wp\/v2\/types\/post"}],"author":[{"embeddable":true,"href":"https:\/\/www.europesays.com\/fr\/wp-json\/wp\/v2\/users\/2"}],"replies":[{"embeddable":true,"href":"https:\/\/www.europesays.com\/fr\/wp-json\/wp\/v2\/comments?post=1167903"}],"version-history":[{"count":0,"href":"https:\/\/www.europesays.com\/fr\/wp-json\/wp\/v2\/posts\/1167903\/revisions"}],"wp:featuredmedia":[{"embeddable":true,"href":"https:\/\/www.europesays.com\/fr\/wp-json\/wp\/v2\/media\/1167904"}],"wp:attachment":[{"href":"https:\/\/www.europesays.com\/fr\/wp-json\/wp\/v2\/media?parent=1167903"}],"wp:term":[{"taxonomy":"category","embeddable":true,"href":"https:\/\/www.europesays.com\/fr\/wp-json\/wp\/v2\/categories?post=1167903"},{"taxonomy":"post_tag","embeddable":true,"href":"https:\/\/www.europesays.com\/fr\/wp-json\/wp\/v2\/tags?post=1167903"}],"curies":[{"name":"wp","href":"https:\/\/api.w.org\/{rel}","templated":true}]}}