{"id":1167907,"date":"2026-09-05T00:41:29","date_gmt":"2026-09-05T00:41:29","guid":{"rendered":"https:\/\/www.europesays.com\/fr\/1167907\/"},"modified":"2026-09-05T00:41:29","modified_gmt":"2026-09-05T00:41:29","slug":"concert-de-maria-del-mar-bonet-a-lolympia","status":"publish","type":"post","link":"https:\/\/www.europesays.com\/fr\/1167907\/","title":{"rendered":"Concert de Maria del Mar Bonet \u00e0 L&rsquo;Olympia"},"content":{"rendered":"<p>Le dimanche 11 octobre, la chanteuse majorquine, figure incontournable de la musique catalane contemporaine, se produira, 50 ans apr\u00e8s, \u00e0 L\u2019Olympia dans un concert c\u00e9l\u00e9brant l\u2019ensemble de sa carri\u00e8re. Plusieurs des titres qu\u2019elle avait interpr\u00e9t\u00e9s \u00e0 Paris en 1975 ne manqueront pas. En amont du concert, le mardi 8 septembre, se tiendra une rencontre avec l\u2019autrice-compositrice-interpr\u00e8te \u00e0 la Sorbonne.<\/p>\n<p class=\"text\">Le 27 avril 1975, Maria del Mar Bonet donnait l\u2019un des concerts les plus embl\u00e9matiques de sa carri\u00e8re dans la mythique salle de L\u2019Olympia \u00e0 Paris. Cinquante ans plus tard, cette voix inimitable de la chanson catalane et r\u00e9f\u00e9rence internationale de la musique m\u00e9diterran\u00e9enne retrouve cette m\u00eame sc\u00e8ne pour comm\u00e9morer ce moment historique. Le dimanche 11 octobre, elle renouera avec le public parisien, ainsi qu\u2019avec tous ceux qui souhaiteront partager cet \u00e9v\u00e9nement inscrit dans la m\u00e9moire musicale de plusieurs g\u00e9n\u00e9rations.<\/p>\n<p class=\"text\">Le concert Maria del Mar Bonet \u00e0 L\u2019Olympia. 50 ans apr\u00e8s proposera une r\u00e9vision de certaines des chansons les plus repr\u00e9sentatives de son r\u00e9pertoire, telles que Can\u00e7\u00f3 per una bona mort, Nina, ninona de bressol, Abril, Aigo, Me n\u2019anir\u00e9 de casa, Sonet, Tonada de collir olives ou Qu\u00e8 volen aquesta gent\u00a0?.<\/p>\n<p class=\"text\">La chanteuse sera accompagn\u00e9e d\u2019une nouvelle et remarquable formation de musiciens majorquins dirig\u00e9e par le joueur de luth Toni Pastor, avec Marc Grasas (guitare), Marko Lohikari (contrebasse), Jos\u00e9 Llorach (percussions) et Benjam\u00ed Salom (violon).<\/p>\n<p class=\"text\">Maria del Mar Bonet occupe une place majeure dans l\u2019histoire de la musique catalane contemporaine. Avec une carri\u00e8re de plus de cinq d\u00e9cennies, son \u0153uvre a contribu\u00e9 de mani\u00e8re d\u00e9cisive au rayonnement international de la chanson catalane, en reliant tradition et modernit\u00e9. Ce retour \u00e0 L\u2019Olympia ne constitue pas seulement l\u2019occasion d\u2019\u00e9voquer un moment marquant de sa carri\u00e8re\u00a0; il t\u00e9moigne \u00e9galement de l\u2019actualit\u00e9 et de la vitalit\u00e9 d\u2019une artiste qui demeure une r\u00e9f\u00e9rence culturelle internationale.<\/p>\n<p class=\"text\">R\u00e9servez vos places pour le concert du 11 octobre <strong><a href=\"https:\/\/www.olympiahall.com\/agenda\/?date_=2026-10-11\" target=\"_blank\" rel=\"nofollow noopener\">ici<\/a><\/strong>.<\/p>\n<p class=\"text\"><strong>Maria del Mar Bonet\u00a0: chanson engag\u00e9e et m\u00e9diterran\u00e9enne<\/strong><\/p>\n<p class=\"text\">En amont du concert, <strong>le mardi 8 septembre<\/strong>, la Sorbonne accueillera une rencontre avec <strong>Maria del Mar Bonet<\/strong> et <strong>Michel Mart\u00ednez P\u00e9rez<\/strong>, directeur du Centre d\u2019\u00c9tudes Catalanes de la Sorbonne. Un \u00e9change autour de la musique, de la culture et de la m\u00e9moire, mais aussi autour d\u2019un parcours artistique qui a fait de la chanson un puissant outil d\u2019identit\u00e9, de r\u00e9sistance et de dialogue.<\/p>\n<p class=\"text\">Au cours de ses 60 ans de carri\u00e8re, Maria del Mar Bonet a fait de la musique un espace de libert\u00e9, d\u2019engagement et de dialogue, tissant des liens entre les diff\u00e9rentes rives de la M\u00e9diterran\u00e9e, tout en revenant sans cesse \u00e0 Majorque, sa source d\u2019inspiration.<\/p>\n<p class=\"text\"><strong>Sorbonne Universit\u00e9, Amphi Quinet<\/strong><\/p>\n<p class=\"text\">46 rue Saint-Jacques, 75005 Paris<\/p>\n","protected":false},"excerpt":{"rendered":"Le dimanche 11 octobre, la chanteuse majorquine, figure incontournable de la musique catalane contemporaine, se produira, 50 ans&hellip;\n","protected":false},"author":2,"featured_media":1167908,"comment_status":"","ping_status":"","sticky":false,"template":"","format":"standard","meta":{"footnotes":"","_share_on_mastodon":"0"},"categories":[1888],"tags":[1111,1928,11,1927,1777,674,1011,27,12,1926,626,1925,25],"class_list":["post-1167907","post","type-post","status-publish","format-standard","has-post-thumbnail","category-paris","tag-actu","tag-actu-paris","tag-actualites","tag-actualites-paris","tag-eu","tag-europe","tag-fr","tag-france","tag-news","tag-news-paris","tag-paris","tag-paris-news","tag-republique-francaise"],"share_on_mastodon":{"url":"https:\/\/pubeurope.com\/@fr\/117215657192819511","error":""},"_links":{"self":[{"href":"https:\/\/www.europesays.com\/fr\/wp-json\/wp\/v2\/posts\/1167907","targetHints":{"allow":["GET"]}}],"collection":[{"href":"https:\/\/www.europesays.com\/fr\/wp-json\/wp\/v2\/posts"}],"about":[{"href":"https:\/\/www.europesays.com\/fr\/wp-json\/wp\/v2\/types\/post"}],"author":[{"embeddable":true,"href":"https:\/\/www.europesays.com\/fr\/wp-json\/wp\/v2\/users\/2"}],"replies":[{"embeddable":true,"href":"https:\/\/www.europesays.com\/fr\/wp-json\/wp\/v2\/comments?post=1167907"}],"version-history":[{"count":0,"href":"https:\/\/www.europesays.com\/fr\/wp-json\/wp\/v2\/posts\/1167907\/revisions"}],"wp:featuredmedia":[{"embeddable":true,"href":"https:\/\/www.europesays.com\/fr\/wp-json\/wp\/v2\/media\/1167908"}],"wp:attachment":[{"href":"https:\/\/www.europesays.com\/fr\/wp-json\/wp\/v2\/media?parent=1167907"}],"wp:term":[{"taxonomy":"category","embeddable":true,"href":"https:\/\/www.europesays.com\/fr\/wp-json\/wp\/v2\/categories?post=1167907"},{"taxonomy":"post_tag","embeddable":true,"href":"https:\/\/www.europesays.com\/fr\/wp-json\/wp\/v2\/tags?post=1167907"}],"curies":[{"name":"wp","href":"https:\/\/api.w.org\/{rel}","templated":true}]}}