{"id":1167909,"date":"2026-09-05T00:43:14","date_gmt":"2026-09-05T00:43:14","guid":{"rendered":"https:\/\/www.europesays.com\/fr\/1167909\/"},"modified":"2026-09-05T00:43:14","modified_gmt":"2026-09-05T00:43:14","slug":"match-paris-devant-mais-perdant-deux-periodes-opposees-safonov-troue-psg-monaco-en-trois-points","status":"publish","type":"post","link":"https:\/\/www.europesays.com\/fr\/1167909\/","title":{"rendered":"Match : Paris devant mais perdant, deux p\u00e9riodes oppos\u00e9es, Safonov trou\u00e9, PSG\/Monaco en trois points"},"content":{"rendered":"<p>Le PSG a \u00e9t\u00e9 battu par l&rsquo;AS Monaco ce vendredi soir (1-2), encha\u00eenant son quatri\u00e8me match cons\u00e9cutif sans victoire. Laborieux, ce d\u00e9but de saison des Parisiens est aux portes de l&rsquo;inqui\u00e9tant, avant la reprise de la Ligue des Champions d\u00e8s ce mercredi face au Slovan Bratislava (21h00).<\/p>\n<p>Le PSG attendait peut-\u00eatre de retrouver le Parc des Princes et ses supporters pour remporter son premier match de la saison en Ligue 1. Mais apr\u00e8s Rennes (2-2) et\u00a0Lille (2-2), le club de la capitale a partag\u00e9 les points avec son adversaire en championnat. Dominateurs en premi\u00e8re p\u00e9riode, mous en seconde, les joueurs de Luis Enrique ont sign\u00e9 leur grand retour au Parc des Princes par une d\u00e9faite face \u00e0 un Monaco plus que jamais leader de Ligue 1 (1-2)..\u00a0<\/p>\n<p>Le PSG m\u00e8ne enfin&#8230; mais perd \u00e0 domicile<\/p>\n<p>Il est rare qu&rsquo;au mois de septembre, le PSG ne compte pas encore de victoire en Ligue 1. Ce d\u00e9but de saison 2026\/27 avait \u00e9t\u00e9 marqu\u00e9 par deux d\u00e9placements \u00e0 Rennes et \u00e0 Lille qui avaient connu aussi bien le m\u00eame sc\u00e9nario que le m\u00eame r\u00e9sultat (2-2 apr\u00e8s avoir \u00e9t\u00e9 men\u00e9 2-0). Paris \u00e9tait donc \u00e0 la recherche de son premier succ\u00e8s en championnat avant le coup d&rsquo;envoi, lui qui s&rsquo;\u00e9tait aussi inclin\u00e9 lors du Troph\u00e9e des Champions mi-ao\u00fbt \u00e0 Lens (1-0, le 16 ao\u00fbt).<\/p>\n<p>Ce soir, pour son retour au Parc des Princes apr\u00e8s pr\u00e8s de quatre mois d&rsquo;attente, Paris a connu un sc\u00e9nario diff\u00e9rent et un r\u00e9sultat encore plus d\u00e9cevant. Il a \u00e9t\u00e9 battu \u00e0 domicile (1-2). L&rsquo;\u00e9paule de Marquinhos avait pourtant permis aux Rouge et Bleu d&rsquo;ouvrir la marque et de mener au score pour la premi\u00e8re fois depuis la Supercoupe d&rsquo;Europe (2-1, 12 ao\u00fbt). Et alors qu&rsquo;il dominait sans complexe son adversaire, le PSG semblait tenir sa premi\u00e8re victoire. Mais c&rsquo;\u00e9tait sans compter sur cette deuxi\u00e8me p\u00e9riode m\u00e9connaissable.<\/p>\n<p>A court physiquement (?),\u00a0Vitinha et les siens ont disput\u00e9 la deuxi\u00e8me p\u00e9riode sur un faux-rythme, profitant \u00e0 Nazinho (58\u00e8), seul au deuxi\u00e8me poteau pour \u00e9galiser, et \u00e0 Idumbo (72\u00e8me) pour surprendre Paris. Les entr\u00e9es d&rsquo;Ousmane Demb\u00e9l\u00e9, de Ferran Torres ou encore de Mika Godts n&rsquo;y auront rien chang\u00e9. Avant le retour de la Ligue des Champions mercredi, Paris a encha\u00een\u00e9 quatre matchs sans victoire. Dont deux d\u00e9faites dans le lot.<\/p>\n<blockquote class=\"twitter-tweet\">\n<p dir=\"ltr\" lang=\"fr\">Luis Enrique : \u00ab En termes de chance, ce n&rsquo;est pas notre moment \u00bb <a href=\"https:\/\/t.co\/yubGlD35WL\" rel=\"nofollow\">https:\/\/t.co\/yubGlD35WL<\/a><\/p>\n<p>\u2014 CulturePSG (@CulturePSG) <a href=\"https:\/\/x.com\/CulturePSG\/status\/2095991880810914115?ref_src=twsrc%5Etfw\" rel=\"nofollow\">September 4, 2026<\/a><\/p><\/blockquote>\n<p>Deux p\u00e9riodes aux antipodes<\/p>\n<p>Comment expliquer l&rsquo;inconstance du PSG dans cette rencontre ? Pourtant dominateur et confortable en premi\u00e8re p\u00e9riode, le double-champion d&rsquo;Europe en titre s&rsquo;est assombri au retour des vestiaires. La situation est d&rsquo;autant plus surprenante apr\u00e8s que Paris ait montr\u00e9 sa capacit\u00e9 \u00e0 bien r\u00e9agir lors des deux pr\u00e9c\u00e9dentes journ\u00e9es, en recollant au score \u00e0 Rennes et \u00e0 Lille. Dans les chiffres comme dans l&rsquo;impression visuelle, il \u00e9tait incontestable que le Paris Saint-Germain \u00e9tait au-dessus \u00e0 la pause. 11 tirs \u00e0 1, une possession en faveur des Rouge et Bleu, un bloc positionn\u00e9 haut&#8230; Puis, l&rsquo;autre visage.<\/p>\n<p>Celui qu&rsquo;il faudra rapidement effacer. En deuxi\u00e8me p\u00e9riode, Paris a nettement baiss\u00e9 en intensit\u00e9, malgr\u00e9 les cinq changements effectu\u00e9s par Luis Enrique et le retour notamment d&rsquo;Ousmane Demb\u00e9l\u00e9. Pi\u00e9g\u00e9s par des Mon\u00e9gasques en r\u00e9ussite, les Parisiens ont eux vu l&rsquo;arbitre assistant lever son drapeau sur le but du 2-2\u00a0de Ferran Torres, \u00e0 la 85\u00e8me minute. Pas de sc\u00e9nario miracle pour cette fois. Plut\u00f4t des r\u00e9flexions qui se muent doucement en doutes.\u00a0<\/p>\n<p>Matvey Safonov doit mieux faire<\/p>\n<p>Si important la saison pass\u00e9e, Matvey Safonov d\u00e9marre ce nouvel exercice avec moins d&rsquo;assurance. Ce vendredi encore, il n&rsquo;a pas \u00e9t\u00e9 exempt de tout reproche. Sur le deuxi\u00e8me but mon\u00e9gasque, sign\u00e9 Idumbo, le portier russe a \u00e9t\u00e9 surpris \u00e0 son premier poteau. Une erreur aux lourdes cons\u00e9quences et qui d\u00e9plaira \u00e0 Luis Enrique, alors que l&rsquo;Espagnol l&rsquo;avait \u00e9pargn\u00e9 derni\u00e8rement.<\/p>\n<blockquote class=\"twitter-tweet\" data-media-max-width=\"560\">\n<p dir=\"ltr\" lang=\"fr\">= 5\ufffd5\ufffd 5\ufffd5\ufffd5\ufffd5\ufffd5\ufffd5\ufffd5\ufffd 5\ufffd5\ufffd5\ufffd 5\ufffd5\ufffd 5\ufffd5\ufffd5\ufffd5\ufffd5\ufffd5\ufffd5\ufffd !<br \/>Idumbo s&rsquo;offre un magnifique but et <a href=\"https:\/\/x.com\/AS_Monaco?ref_src=twsrc%5Etfw\" rel=\"nofollow\">@AS_Monaco<\/a> prend l&rsquo;avantage !<a href=\"https:\/\/x.com\/hashtag\/PSGASM?src=hash&amp;ref_src=twsrc%5Etfw\" rel=\"nofollow\">#PSGASM<\/a> <a href=\"https:\/\/t.co\/X6QZl4CX71\" rel=\"nofollow\">pic.twitter.com\/X6QZl4CX71<\/a><\/p>\n<p>\u2014 L1+ (@ligue1plus) <a href=\"https:\/\/x.com\/ligue1plus\/status\/2095975162503983306?ref_src=twsrc%5Etfw\" rel=\"nofollow\">September 4, 2026<\/a><\/p><\/blockquote>\n<p>Au pied, Safonov a aussi sembl\u00e9 h\u00e9sitant. Quelques cafouillages et des ballons balanc\u00e9s directement en touche. O\u00f9 est pass\u00e9 celui qui ne transpirait pas la moindre go\u00fbte, m\u00eame quand les assauts des plus grands clubs europ\u00e9ens s&rsquo;avan\u00e7aient vers sa cage il y a encore quelques mois ?<\/p>\n<blockquote class=\"twitter-tweet\">\n<p dir=\"ltr\" lang=\"fr\">Pacho mieux, Akliouche toujours pas, les notes de <a href=\"https:\/\/x.com\/hashtag\/PSG?src=hash&amp;ref_src=twsrc%5Etfw\" rel=\"nofollow\">#PSG<\/a>\/Monaco (1-2) <a href=\"https:\/\/t.co\/77CfuQqnRe\" rel=\"nofollow\">https:\/\/t.co\/77CfuQqnRe<\/a><\/p>\n<p>\u2014 CulturePSG (@CulturePSG) <a href=\"https:\/\/x.com\/CulturePSG\/status\/2095985568458940905?ref_src=twsrc%5Etfw\" rel=\"nofollow\">September 4, 2026<\/a><\/p><\/blockquote>\n<p><script async src=\"https:\/\/platform.twitter.com\/widgets.js\" charset=\"utf-8\"><\/script><\/p>\n","protected":false},"excerpt":{"rendered":"Le PSG a \u00e9t\u00e9 battu par l&rsquo;AS Monaco ce vendredi soir (1-2), encha\u00eenant son quatri\u00e8me match cons\u00e9cutif sans&hellip;\n","protected":false},"author":2,"featured_media":1167910,"comment_status":"","ping_status":"","sticky":false,"template":"","format":"standard","meta":{"footnotes":"","_share_on_mastodon":"0"},"categories":[1888],"tags":[1111,1928,11,1927,1777,674,1011,27,12,1926,626,1925,25],"class_list":["post-1167909","post","type-post","status-publish","format-standard","has-post-thumbnail","category-paris","tag-actu","tag-actu-paris","tag-actualites","tag-actualites-paris","tag-eu","tag-europe","tag-fr","tag-france","tag-news","tag-news-paris","tag-paris","tag-paris-news","tag-republique-francaise"],"share_on_mastodon":{"url":"https:\/\/pubeurope.com\/@fr\/117215665074089126","error":""},"_links":{"self":[{"href":"https:\/\/www.europesays.com\/fr\/wp-json\/wp\/v2\/posts\/1167909","targetHints":{"allow":["GET"]}}],"collection":[{"href":"https:\/\/www.europesays.com\/fr\/wp-json\/wp\/v2\/posts"}],"about":[{"href":"https:\/\/www.europesays.com\/fr\/wp-json\/wp\/v2\/types\/post"}],"author":[{"embeddable":true,"href":"https:\/\/www.europesays.com\/fr\/wp-json\/wp\/v2\/users\/2"}],"replies":[{"embeddable":true,"href":"https:\/\/www.europesays.com\/fr\/wp-json\/wp\/v2\/comments?post=1167909"}],"version-history":[{"count":0,"href":"https:\/\/www.europesays.com\/fr\/wp-json\/wp\/v2\/posts\/1167909\/revisions"}],"wp:featuredmedia":[{"embeddable":true,"href":"https:\/\/www.europesays.com\/fr\/wp-json\/wp\/v2\/media\/1167910"}],"wp:attachment":[{"href":"https:\/\/www.europesays.com\/fr\/wp-json\/wp\/v2\/media?parent=1167909"}],"wp:term":[{"taxonomy":"category","embeddable":true,"href":"https:\/\/www.europesays.com\/fr\/wp-json\/wp\/v2\/categories?post=1167909"},{"taxonomy":"post_tag","embeddable":true,"href":"https:\/\/www.europesays.com\/fr\/wp-json\/wp\/v2\/tags?post=1167909"}],"curies":[{"name":"wp","href":"https:\/\/api.w.org\/{rel}","templated":true}]}}