{"id":116791,"date":"2025-05-21T11:58:13","date_gmt":"2025-05-21T11:58:13","guid":{"rendered":"https:\/\/www.europesays.com\/fr\/116791\/"},"modified":"2025-05-21T11:58:13","modified_gmt":"2025-05-21T11:58:13","slug":"nouvelles-conditions-pour-labonnement-aux-velos-electriques-haute-garonne-toulouse","status":"publish","type":"post","link":"https:\/\/www.europesays.com\/fr\/116791\/","title":{"rendered":"Nouvelles conditions pour l&rsquo;abonnement aux v\u00e9los \u00e9lectriques &#8211; Haute Garonne &#8211; Toulouse"},"content":{"rendered":"<p>                    <img width=\"2560\" height=\"1707\" src=\"https:\/\/www.europesays.com\/fr\/wp-content\/uploads\/2025\/05\/VELOTOULOUSE0189-scaled.jpg\" class=\"img-fluid landscape wp-post-image\" alt=\"Limitation dans l'utilisation des v\u00e9los \u00e9lectriques\" itemprop=\"image\" decoding=\"async\" fetchpriority=\"high\"  \/>                    <\/p>\n<p itemprop=\"name\">\n                                                Limitation dans l&rsquo;utilisation des v\u00e9los \u00e9lectriques<br \/>\n                         Cr\u00e9dits :<br \/>\n                            SERGE BLONDEAU\/ Tiss\u00e9o\n                                                <\/p>\n<p><strong>Un courrier sera envoy\u00e9 aux usagers informant des nouvelles Conditions G\u00e9n\u00e9rales d\u2019Abonnement et d\u2019Utilisation (CGAU) des v\u00e9los \u00e9lectriques de Tiss\u00e9o. Ces changements seront mis en application \u00e0 partir du 1er juillet 2025.<\/strong>&#13;<br \/>\n&#13;<br \/>\n\u00c0 compter du 1er juillet 2025, les usagers des v\u00e9los \u00e9lectriques en libre-service \u00e0 Toulouse devront prendre en compte une nouvelle limitation. Le nombre de trajets gratuits de 30 minutes pour les abonn\u00e9s \u00ab\u00a0Confort\u00a0\u00bb sera d\u00e9sormais limit\u00e9 \u00e0 7 par jour. Au-del\u00e0 de cette limite, chaque demi-heure entam\u00e9e sera factur\u00e9e 1 \u20ac. L\u2019abonn\u00e9 recevra donc un courriel en juin 2025. Il devra accepter les nouvelles CGAU s\u2019il veut continuer de b\u00e9n\u00e9ficier du service. L\u2019acceptation se fera automatiquement si l\u2019abonn\u00e9 ne contacte pas le service pour refuser ces nouvelles conditions. Il faudra \u00e9crire au service clients JCDecaux en cas de r\u00e9siliation, les abonn\u00e9s disposent d\u2019un d\u00e9lai de 4 mois.&#13;<br \/>\n&#13;<br \/>\nCette mesure vise \u00e0 encadrer l&rsquo;utilisation excessive de la gratuit\u00e9, certains comptes ayant enregistr\u00e9 jusqu\u2019\u00e0 58 trajets quotidiens selon Tiss\u00e9o. L&rsquo;objectif est de rendre les v\u00e9los \u00e0 assistance \u00e9lectrique plus accessibles \u00e0 un plus grand nombre d&rsquo;usagers. Cela est d\u00e9j\u00e0 d\u00e9ploy\u00e9 \u00e0 Paris o\u00f9 la limitation est de 2 trajets gratuits ou encore \u00e0 Lyon o\u00f9 la limite est port\u00e9e \u00e0 6 d\u00e9placements par jour.<\/p>\n<p>                Cet article est r\u00e9serv\u00e9 aux abonn\u00e9s.<\/p>\n<p class=\"signature\" itemscope=\"\" itemprop=\"Author\" itemtype=\"http:\/\/schema.org\/Person\">\n                LD31\n            <\/p>\n","protected":false},"excerpt":{"rendered":"Limitation dans l&rsquo;utilisation des v\u00e9los \u00e9lectriques Cr\u00e9dits : SERGE BLONDEAU\/ Tiss\u00e9o Un courrier sera envoy\u00e9 aux usagers informant&hellip;\n","protected":false},"author":2,"featured_media":116792,"comment_status":"","ping_status":"","sticky":false,"template":"","format":"standard","meta":{"footnotes":""},"categories":[2816],"tags":[1111,11,1777,674,1011,27,23720,12,2680,301,25,2312],"class_list":{"0":"post-116791","1":"post","2":"type-post","3":"status-publish","4":"format-standard","5":"has-post-thumbnail","7":"category-toulouse","8":"tag-actu","9":"tag-actualites","10":"tag-eu","11":"tag-europe","12":"tag-fr","13":"tag-france","14":"tag-internet-seulement","15":"tag-news","16":"tag-occitanie","17":"tag-premium","18":"tag-republique-francaise","19":"tag-toulouse"},"share_on_mastodon":{"url":"https:\/\/pubeurope.com\/@fr\/114545708537465582","error":""},"_links":{"self":[{"href":"https:\/\/www.europesays.com\/fr\/wp-json\/wp\/v2\/posts\/116791","targetHints":{"allow":["GET"]}}],"collection":[{"href":"https:\/\/www.europesays.com\/fr\/wp-json\/wp\/v2\/posts"}],"about":[{"href":"https:\/\/www.europesays.com\/fr\/wp-json\/wp\/v2\/types\/post"}],"author":[{"embeddable":true,"href":"https:\/\/www.europesays.com\/fr\/wp-json\/wp\/v2\/users\/2"}],"replies":[{"embeddable":true,"href":"https:\/\/www.europesays.com\/fr\/wp-json\/wp\/v2\/comments?post=116791"}],"version-history":[{"count":0,"href":"https:\/\/www.europesays.com\/fr\/wp-json\/wp\/v2\/posts\/116791\/revisions"}],"wp:featuredmedia":[{"embeddable":true,"href":"https:\/\/www.europesays.com\/fr\/wp-json\/wp\/v2\/media\/116792"}],"wp:attachment":[{"href":"https:\/\/www.europesays.com\/fr\/wp-json\/wp\/v2\/media?parent=116791"}],"wp:term":[{"taxonomy":"category","embeddable":true,"href":"https:\/\/www.europesays.com\/fr\/wp-json\/wp\/v2\/categories?post=116791"},{"taxonomy":"post_tag","embeddable":true,"href":"https:\/\/www.europesays.com\/fr\/wp-json\/wp\/v2\/tags?post=116791"}],"curies":[{"name":"wp","href":"https:\/\/api.w.org\/{rel}","templated":true}]}}