{"id":1167913,"date":"2026-09-05T00:45:18","date_gmt":"2026-09-05T00:45:18","guid":{"rendered":"https:\/\/www.europesays.com\/fr\/1167913\/"},"modified":"2026-09-05T00:45:18","modified_gmt":"2026-09-05T00:45:18","slug":"meteo-paris-previsions-du-samedi-5-septembre-2026","status":"publish","type":"post","link":"https:\/\/www.europesays.com\/fr\/1167913\/","title":{"rendered":"M\u00e9t\u00e9o Paris : pr\u00e9visions du samedi 5 septembre 2026"},"content":{"rendered":"<p>Aujourd&rsquo;hui, le thermom\u00e8tre affichera 21\u00b0C en moyenne \u00e0 Paris. Un vent de nord-ouest rafra\u00eechira quelque peu l&rsquo;atmosph\u00e8re. Le ciel sera nuageux dans la matin\u00e9e. On sera sous un ciel bien gris, couvert de nuages. Les temp\u00e9ratures seront de 18\u00b0C. La ville aura quelques \u00e9claircies l&rsquo;apr\u00e8s-midi. Les temp\u00e9ratures vont grimper de plusieurs degr\u00e9s. Les valeurs s&rsquo;\u00e9chelonneront de 23 \u00e0 26\u00b0C. Un ciel d\u00e9pourvu de nuages est pr\u00e9vu dans la nuit entre samedi et dimanche.<\/p>\n<p>La grisaille ne se dissipe toujours pas, il y aura encore des nuages demain. Pour Paris, une m\u00e9t\u00e9o plus chaude est attendue \u00e9tant donn\u00e9 que le mercure va conna\u00eetre une augmentation. Les temp\u00e9ratures \u00e9volueront entre 17 et 30\u2009\u00b0C. Les valeurs seront comprises entre 17 et 30\u00b0C. Un l\u00e9ger vent de sud-est sera ressenti par les habitants. Le matin, des nuages ne voudront pas faire place au soleil. On observera la pr\u00e9sence persistante de nuages demain apr\u00e8s-midi. En revanche, les temp\u00e9ratures vont enregistrer une hausse de plusieurs degr\u00e9s. La ville va subir un passage de grosses chaleurs avec des temp\u00e9ratures qui rejoindront parfois les 30\u00b0C. Les valeurs seront de 27\u00b0C au minimum et de 30\u00b0C au maximum. Demain soir, toujours des nuages dans le ciel qui emp\u00eachent le soleil d&rsquo;appara\u00eetre. On pr\u00e9voit des temp\u00e9ratures avoisinant 27\u00b0C.<\/p>\n<p>Le temps restera stable les prochains jours. Des temp\u00e9ratures dans les 25\u00b0C iront de pair avec un ciel nuageux.<\/p>\n<p><\/p>\n","protected":false},"excerpt":{"rendered":"Aujourd&rsquo;hui, le thermom\u00e8tre affichera 21\u00b0C en moyenne \u00e0 Paris. Un vent de nord-ouest rafra\u00eechira quelque peu l&rsquo;atmosph\u00e8re. Le&hellip;\n","protected":false},"author":2,"featured_media":1167914,"comment_status":"","ping_status":"","sticky":false,"template":"","format":"standard","meta":{"footnotes":"","_share_on_mastodon":"0"},"categories":[1888],"tags":[11,1777,674,1011,27,12,626,2119,25],"class_list":["post-1167913","post","type-post","status-publish","format-standard","has-post-thumbnail","category-paris","tag-actualites","tag-eu","tag-europe","tag-fr","tag-france","tag-news","tag-paris","tag-previsions-meteo","tag-republique-francaise"],"share_on_mastodon":{"url":"https:\/\/pubeurope.com\/@fr\/117215672914537813","error":""},"_links":{"self":[{"href":"https:\/\/www.europesays.com\/fr\/wp-json\/wp\/v2\/posts\/1167913","targetHints":{"allow":["GET"]}}],"collection":[{"href":"https:\/\/www.europesays.com\/fr\/wp-json\/wp\/v2\/posts"}],"about":[{"href":"https:\/\/www.europesays.com\/fr\/wp-json\/wp\/v2\/types\/post"}],"author":[{"embeddable":true,"href":"https:\/\/www.europesays.com\/fr\/wp-json\/wp\/v2\/users\/2"}],"replies":[{"embeddable":true,"href":"https:\/\/www.europesays.com\/fr\/wp-json\/wp\/v2\/comments?post=1167913"}],"version-history":[{"count":0,"href":"https:\/\/www.europesays.com\/fr\/wp-json\/wp\/v2\/posts\/1167913\/revisions"}],"wp:featuredmedia":[{"embeddable":true,"href":"https:\/\/www.europesays.com\/fr\/wp-json\/wp\/v2\/media\/1167914"}],"wp:attachment":[{"href":"https:\/\/www.europesays.com\/fr\/wp-json\/wp\/v2\/media?parent=1167913"}],"wp:term":[{"taxonomy":"category","embeddable":true,"href":"https:\/\/www.europesays.com\/fr\/wp-json\/wp\/v2\/categories?post=1167913"},{"taxonomy":"post_tag","embeddable":true,"href":"https:\/\/www.europesays.com\/fr\/wp-json\/wp\/v2\/tags?post=1167913"}],"curies":[{"name":"wp","href":"https:\/\/api.w.org\/{rel}","templated":true}]}}