{"id":1167915,"date":"2026-09-05T00:46:48","date_gmt":"2026-09-05T00:46:48","guid":{"rendered":"https:\/\/www.europesays.com\/fr\/1167915\/"},"modified":"2026-09-05T00:46:48","modified_gmt":"2026-09-05T00:46:48","slug":"du-communisme-au-nationalisme-serbe-le-parcours-sanglant-de-ratko-mladic-a-lombre-de-la-russie","status":"publish","type":"post","link":"https:\/\/www.europesays.com\/fr\/1167915\/","title":{"rendered":"Du communisme au nationalisme serbe, le parcours sanglant de Ratko Mladic \u00e0 l\u2019ombre de la Russie"},"content":{"rendered":"<p>\n    <strong>R\u00c9CIT &#8211;<\/strong> L\u2019ancien commandant de l\u2019arm\u00e9e des Serbes de Bosnie doit \u00eatre inhum\u00e9 lundi \u00e0 Belgrade. Surnomm\u00e9 \u00ab\u00a0le Boucher des Balkans\u00a0\u00bb, il purgeait une peine de prison \u00e0 vie apr\u00e8s sa condamnation, en 2017, par le Tribunal p\u00e9nal international, pour g\u00e9nocide, crimes contre l\u2019humanit\u00e9 et crimes de guerre.<\/p>\n<p class=\"fig-paragraph\"><a href=\"http:\/\/www.lefigaro.fr\/international\/l-ancien-chef-militaire-serbe-ratko-mladic-le-boucher-des-balkans-est-mort-20260827\" data-fig-type=\"NewsFlash\" data-gtm-custom-categorie=\"navigation\" data-gtm-custom-action=\"crossclick\" data-gtm-custom-label=\"Contextuel\" data-gtm-event=\"customEventSPE\" data-fig-domain=\"LEFIGARO\" rel=\"nofollow noopener\" target=\"_blank\">Ratko Mladic<\/a>, la t\u00eate militaire des Serbes de Bosnie, est l\u2019un des trois principaux responsables, avec son homologue politique Radovan Karadzic et leur \u00ab\u00a0patron\u00a0\u00bb de Belgrade,\u00a0<a href=\"http:\/\/www.lefigaro.fr\/international\/nous-vivons-le-deuxieme-cercle-de-l-enfer-vingt-cinq-ans-apres-la-chute-de-milosevic-la-serbie-toujours-aux-prises-avec-ses-fantomes-20251004\" data-fig-type=\"Article\" data-gtm-custom-categorie=\"navigation\" data-gtm-custom-action=\"crossclick\" data-gtm-custom-label=\"Contextuel\" data-gtm-event=\"customEventSPE\" data-fig-domain=\"LEFIGARO\" rel=\"nofollow noopener\" target=\"_blank\">Slobodan Milosevic<\/a>, de\u00a0<a href=\"http:\/\/www.lefigaro.fr\/vox\/monde\/trente-ans-apres-les-accords-dayton-la-situation-reste-instable-tant-en-bosnie-herzegovine-qu-au-kosovo-20251214\" data-fig-type=\"Article\" data-gtm-custom-categorie=\"navigation\" data-gtm-custom-action=\"crossclick\" data-gtm-custom-label=\"Contextuel\" data-gtm-event=\"customEventSPE\" data-fig-domain=\"LEFIGARO\" rel=\"nofollow noopener\" target=\"_blank\">la guerre qui a fait 100 000 morts<\/a>, au d\u00e9but des ann\u00e9es 1990, dans cette petite R\u00e9publique devenue ind\u00e9pendante \u00e0 la chute de la Yougoslavie communiste titiste.<\/p>\n<p class=\"fig-paragraph\">Le portrait-robot habituel de celui que l\u2019on surnomme \u00ab\u00a0le Boucher des Balkans\u00a0\u00bb, met en avant son ultranationalisme, son extr\u00e9misme id\u00e9ologique, mis au service du projet \u00ab\u00a0grand serbe\u00a0\u00bb de Milosevic qui, comme<a href=\"http:\/\/www.lefigaro.fr\/international\/guerre-en-ukraine-vladimir-poutine-qualifie-de-terroriste-la-mise-en-garde-de-volodymyr-zelensky-concernant-la-securite-de-l-espace-aerien-russe-20260902\" data-fig-type=\"NewsFlash\" data-gtm-custom-categorie=\"navigation\" data-gtm-custom-action=\"crossclick\" data-gtm-custom-label=\"Contextuel\" data-gtm-event=\"customEventSPE\" data-fig-domain=\"LEFIGARO\" rel=\"nofollow noopener\" target=\"_blank\">\u00a0Vladimir Poutine<\/a>\u00a0aujourd\u2019hui en Russie avec ses voisins, voulait faire rentrer de force au bercail les anciennes entit\u00e9s de la f\u00e9d\u00e9ration yougoslave. Et les punir d\u2019avoir quitt\u00e9 la maison m\u00e8re, en qu\u00eate de libert\u00e9, \u00e0 la faveur de la chute du communisme. Certains courants politiques, en Europe, veulent voir en lui, comme en Vladimir Poutine, un h\u00e9ros de la d\u00e9fense de l\u2019Occident contre la \u00ab\u00a0submersion\u00a0\u00bb islamiste\u2026<\/p>\n<p class=\"fig-premium-paywall__infos\">\n        Cet article est r\u00e9serv\u00e9 aux abonn\u00e9s.        Il vous reste 86% \u00e0 d\u00e9couvrir.\n    <\/p>\n<p>                <img  data- alt=\"Le Figaro\" class=\"fig-img--complete fig-img\"\/><\/p>\n<p class=\"fig-premium-paywall__title\">Vente Flash<\/p>\n<p class=\"fig-premium-paywall__subtitle\">-70% sur votre abonnement. Sans engagement.<\/p>\n<p class=\"fig-premium-paywall__connect\">\n                D\u00e9j\u00e0 abonn\u00e9\u00a0?                <a class=\"fig-premium-paywall__connect-link\" href=\"https:\/\/connect.lefigaro.fr\/login?client=horizon_web&amp;type=main&amp;redirect_uri=https%3A%2F%2Fwww.lefigaro.fr%2Finternational%2Fdu-communisme-au-nationalisme-serbe-le-parcours-sanglant-de-ratko-mladic-a-l-ombre-de-la-russie-20260904\" data-js-gtm=\"{&quot;event&quot;:&quot;customEventGA4&quot;,&quot;eventName&quot;:&quot;click_action&quot;,&quot;feature&quot;:&quot;paywall&quot;,&quot;location&quot;:&quot;paywall&quot;,&quot;button_action&quot;:&quot;connect&quot;,&quot;click_text&quot;:&quot;Connectez-vous&quot;}\" rel=\"nofollow noopener\" target=\"_blank\"><br \/>\n                    Connectez-vous<br \/>\n                <\/a>\n            <\/p>\n","protected":false},"excerpt":{"rendered":"R\u00c9CIT &#8211; L\u2019ancien commandant de l\u2019arm\u00e9e des Serbes de Bosnie doit \u00eatre inhum\u00e9 lundi \u00e0 Belgrade. Surnomm\u00e9 \u00ab\u00a0le&hellip;\n","protected":false},"author":2,"featured_media":1167916,"comment_status":"","ping_status":"","sticky":false,"template":"","format":"standard","meta":{"footnotes":"","_share_on_mastodon":"0"},"categories":[1591],"tags":[11,1887,12,1885,1886,132,3329],"class_list":["post-1167915","post","type-post","status-publish","format-standard","has-post-thumbnail","category-russie","tag-actualites","tag-federation-de-russie","tag-news","tag-russia","tag-russian-federation","tag-russie","tag-serbie"],"share_on_mastodon":{"url":"https:\/\/pubeurope.com\/@fr\/117215676721872489","error":""},"_links":{"self":[{"href":"https:\/\/www.europesays.com\/fr\/wp-json\/wp\/v2\/posts\/1167915","targetHints":{"allow":["GET"]}}],"collection":[{"href":"https:\/\/www.europesays.com\/fr\/wp-json\/wp\/v2\/posts"}],"about":[{"href":"https:\/\/www.europesays.com\/fr\/wp-json\/wp\/v2\/types\/post"}],"author":[{"embeddable":true,"href":"https:\/\/www.europesays.com\/fr\/wp-json\/wp\/v2\/users\/2"}],"replies":[{"embeddable":true,"href":"https:\/\/www.europesays.com\/fr\/wp-json\/wp\/v2\/comments?post=1167915"}],"version-history":[{"count":0,"href":"https:\/\/www.europesays.com\/fr\/wp-json\/wp\/v2\/posts\/1167915\/revisions"}],"wp:featuredmedia":[{"embeddable":true,"href":"https:\/\/www.europesays.com\/fr\/wp-json\/wp\/v2\/media\/1167916"}],"wp:attachment":[{"href":"https:\/\/www.europesays.com\/fr\/wp-json\/wp\/v2\/media?parent=1167915"}],"wp:term":[{"taxonomy":"category","embeddable":true,"href":"https:\/\/www.europesays.com\/fr\/wp-json\/wp\/v2\/categories?post=1167915"},{"taxonomy":"post_tag","embeddable":true,"href":"https:\/\/www.europesays.com\/fr\/wp-json\/wp\/v2\/tags?post=1167915"}],"curies":[{"name":"wp","href":"https:\/\/api.w.org\/{rel}","templated":true}]}}