{"id":1167923,"date":"2026-09-05T00:51:38","date_gmt":"2026-09-05T00:51:38","guid":{"rendered":"https:\/\/www.europesays.com\/fr\/1167923\/"},"modified":"2026-09-05T00:51:38","modified_gmt":"2026-09-05T00:51:38","slug":"elections-regionales-en-allemagne-lextreme-droite-aux-portes-du-pouvoir-une-premiere-depuis-1945","status":"publish","type":"post","link":"https:\/\/www.europesays.com\/fr\/1167923\/","title":{"rendered":"\u00c9lections r\u00e9gionales en Allemagne : l&rsquo;extr\u00eame droite aux portes du pouvoir, une premi\u00e8re depuis 1945"},"content":{"rendered":"<ul class=\"jsx-25100651 ArticleChapo__List\">\n<li class=\"jsx-25100651 ArticleChapo__List_Item flex\">L&rsquo;extr\u00eame droite allemande devrait remporter les \u00e9lections r\u00e9gionales ce dimanche en Saxe-Anhalt, un Land \u00e0 l&rsquo;est du pays.<\/li>\n<li class=\"jsx-25100651 ArticleChapo__List_Item flex\">Expulsion des migrants, interdiction du drapeau LGBT+, modification des programmes d&rsquo;histoire \u00e0 l&rsquo;\u00e9cole&#8230; Le parti veut des changements radicaux.<\/li>\n<li class=\"jsx-25100651 ArticleChapo__List_Item flex\">Mais m\u00eame si l&rsquo;AfD remportait le scrutin, elle n&rsquo;est pas certaine de diriger la r\u00e9gion.<\/li>\n<\/ul>\n<p><a href=\"https:\/\/www.google.com\/preferences\/source?q=tf1info.fr\" class=\"jsx-2150648137 jsx-976369737 ActionButton ActionButton--withBorder\" rel=\"nofollow noopener\" target=\"_blank\"><\/p>\n<p> Ajoutez TF1info \u00e0 vos sources sur Google <\/p>\n<p><\/a><\/p>\n<p id=\"body-_R_17v7tm_-block-5\" data-module=\"article-paragraph\" class=\"jsx-2921227388 Paragraph\">\u00ab\u00a0L&rsquo;homme le plus dangereux d&rsquo;Allemagne\u00a0\u00bb. C&rsquo;est par ces mots que l&rsquo;hebdomadaire Der Spiegel a pr\u00e9sent\u00e9 Ulrich Siegmund, qui aspire \u00e0 devenir dirigeant du Land de Saxe-Anhalt. Cet homme de 35 ans, figure du parti Alternative pour l&rsquo;Allemagne (AfD), pourrait n\u00e9anmoins s&rsquo;installer \u00e0 la t\u00eate de cet \u00c9tat r\u00e9gional d&rsquo;ex-RDA de 2,1 millions d&rsquo;habitants. Une premi\u00e8re depuis 1945 pour un parti d&rsquo;extr\u00eame droite.<\/p>\n<p data-module=\"article-paragraph\" class=\"jsx-2921227388 Paragraph Paragraph__End\">\u00ab\u00a0D\u00e8s la premi\u00e8re minute\u00a0\u00bb de sa potentielle entr\u00e9e dans ses fonctions, Ulrich Siegmund veut ainsi expulser de Saxe-Anhalt les immigr\u00e9s en situation irr\u00e9guli\u00e8re. Chantre de la famille traditionnelle, il promet d'\u00a0\u00bbinterdire l&rsquo;affichage officiel du drapeau arc-en-ciel dans les \u00e9coles et veiller en revanche \u00e0 ce que le drapeau national flotte tous les jours d&rsquo;\u00e9cole dans les \u00e9tablissements publics\u00a0\u00bb.<\/p>\n<p>La nostalgie de la RDA<\/p>\n<p id=\"body-_R_17v7tm_-block-9\" data-module=\"article-paragraph\" class=\"jsx-2921227388 Paragraph\">Comme l&rsquo;\u00e9ducation est du ressort des \u00c9tats r\u00e9gionaux en Allemagne, l&rsquo;AfD compte aussi supprimer l&rsquo;obligation de fr\u00e9quentation de l&rsquo;\u00e9cole, qui ouvrirait en particulier la voie \u00e0 l&rsquo;enseignement \u00e0 domicile. Il pense \u00e9galement modifier les programmes d&rsquo;histoire dans les \u00e9coles, trop centr\u00e9s \u00e0 son go\u00fbt sur la culpabilit\u00e9 de <a href=\"https:\/\/www.tf1info.fr\/actualite\/nazi-10688\/\" rel=\"nofollow noopener\" target=\"_blank\">l&rsquo;Allemagne du IIIe Reich<\/a>. Selon Der Spiegel, certains de ses collaborateurs ont d&rsquo;ailleurs \u00e9t\u00e9 tr\u00e8s proches de la mouvance d&rsquo;extr\u00eame droite radicale et n\u00e9onazie.<\/p>\n<p data-module=\"article-paragraph\" class=\"jsx-2921227388 Paragraph Paragraph__End\">Particuli\u00e8rement radical, le programme de l&rsquo;AfD a n\u00e9anmoins su s\u00e9duire les \u00e9lecteurs. Il devance de pr\u00e8s de vingt points les conservateurs du <a href=\"https:\/\/www.tf1info.fr\/international\/qui-est-friedrich-merz-conservateur-nouveau-chancelier-allemand-rivalite-angela-merkel-afd-cdu-2350026.html\" rel=\"nofollow noopener\" target=\"_blank\">chancelier Friedrich Merz<\/a> : 40-43% contre 22-24%, selon les derniers sondages. Sa recette ? Jouer notamment sur la nostalgie de la RDA : ses sympathisants s&rsquo;estiment en effet moins bien trait\u00e9s que leurs cousins de l&rsquo;ouest ou les migrants.\u00a0<\/p>\n<p><a href=\"https:\/\/www.tf1info.fr\/international\/verif-elections-en-allemagne-2025-comment-l-afd-utilise-l-intelligence-artificielle-ia-a-des-fins-de-desinformation-2351527.html\" rel=\"nofollow noopener\" class=\"jsx-958316424 Link flex\" target=\"_blank\"><img decoding=\"async\" src=\"https:\/\/www.europesays.com\/fr\/wp-content\/uploads\/2026\/09\/alice-weidel-candidate-de-l-afd-l-extreme-droite-allemande-3b7f6b-1@1x.jpeg\" alt=\"Alice Weidel, candidate de l'AfD, l'extr\u00eame droite allemande \" loading=\"lazy\" importance=\"low\" fetchpriority=\"low\" class=\"\" copyright=\"Michael Kappeler \/ POOL \/ AFP\" aria-hidden=\"true\"\/><\/p>\n<p class=\"jsx-4054529586 ReadMoreArticle__Title\">Lire aussi<\/p>\n<p class=\"jsx-4054529586\">V\u00c9RIF&rsquo; &#8211; \u00c9lections en Allemagne : comment l\u2019extr\u00eame droite utilise l&rsquo;IA pour d\u00e9sinformer<\/p>\n<p><\/a><\/p>\n<p id=\"body-_R_17v7tm_-block-12\" data-module=\"article-paragraph\" class=\"jsx-2921227388 Paragraph\">Des figures de l&rsquo;AfD se sont par exemple affich\u00e9es en Simson, des mobylettes iconiques de l&rsquo;ex-Allemagne de l&rsquo;Est. Cette tendance a vite suscit\u00e9 l&rsquo;indignation de descendants de la famille juive fondatrice de la marque. \u00ab\u00a0Il parvient \u00e0 susciter un sentiment d&rsquo;espoir en promettant que &lsquo;tout est possible'\u00a0\u00bb, ass\u00e8ne son principal adversaire, le conservateur Sven Schulze, 47 ans, qui est \u00e0 la t\u00eate de la Saxe-Anhalt depuis mars apr\u00e8s en avoir \u00e9t\u00e9 ministre de l&rsquo;\u00c9conomie.<\/p>\n<p data-module=\"article-paragraph\" class=\"jsx-2921227388 Paragraph Paragraph__End\">Reste \u00e0 savoir si l&rsquo;AfD arrivera \u00e0 gouverner et \u00e0 mettre en \u0153uvre son programme. Pour cela, il lui faudrait obtenir la majorit\u00e9 absolue, chose tr\u00e8s rare en Allemagne du fait du syst\u00e8me \u00e9lectoral \u00e0 la proportionnelle. Actuellement, sur les 16 L\u00e4nder, seule la Sarre, dans l&rsquo;ouest, est dirig\u00e9e par un seul parti, le SPD (sociaux-d\u00e9mocrates).\u00a0<\/p>\n<p><a href=\"https:\/\/www.tf1info.fr\/international\/allemagne-le-parti-d-extreme-droite-afd-se-radicalise-encore-a-l-approche-des-elections-regionales-2421853.html\" rel=\"nofollow noopener\" class=\"jsx-958316424 Link flex\" target=\"_blank\"><img decoding=\"async\" src=\"https:\/\/www.europesays.com\/fr\/wp-content\/uploads\/2026\/01\/drapeau-afd-allemagne-d5f1da-0@1x.jpeg\" alt=\"D\u00e9fil\u00e9 de l'AfD en Allemagne, en mai 2025. \" loading=\"lazy\" importance=\"low\" fetchpriority=\"low\" class=\"\" copyright=\"RALF HIRSCHBERGER \/ AFP\" aria-hidden=\"true\"\/><\/p>\n<p class=\"jsx-4054529586 ReadMoreArticle__Title\">Lire aussi<\/p>\n<p class=\"jsx-4054529586\">Allemagne : le parti d&rsquo;extr\u00eame droite AfD se radicalise encore \u00e0 l&rsquo;approche des \u00e9lections r\u00e9gionales<\/p>\n<p><\/a><\/p>\n<p id=\"body-_R_17v7tm_-block-14\" data-module=\"article-paragraph\" class=\"jsx-2921227388 Paragraph\">L&rsquo;obtention de la majorit\u00e9 absolue par l&rsquo;AfD en Saxe-Anhalt d\u00e9pend du nombre des formations qui d\u00e9passeront le seuil de 5% des suffrages, la condition sine qua non pour entrer au Parlement r\u00e9gional. Par exemple, les Lib\u00e9raux ou le parti de gauche prorusse BSW pourraient rester en dehors de l&rsquo;assembl\u00e9e r\u00e9gionale s&rsquo;ils n&rsquo;obtenaient chacun que 4%, ce qui ferait math\u00e9matiquement baisser le pourcentage de suffrages n\u00e9cessaires \u00e0 l&rsquo;AfD pour acc\u00e9der au pouvoir : 46% au lieu de 50%.<\/p>\n<p data-module=\"article-paragraph\" class=\"jsx-2921227388 Paragraph Paragraph__End\">Jusqu&rsquo;ici, tous les partis ont exclu de gouverner avec l&rsquo;extr\u00eame droite, \u00e0 l&rsquo;exception du BSW, dont les membres sont partag\u00e9s sur cette question. Et c&rsquo;est gr\u00e2ce \u00e0 ce cordon sanitaire contre l&rsquo;AfD que le conservateur Sven Schulze pourrait rester au pouvoir : en constituant une coalition avec d&rsquo;autres formations repr\u00e9sent\u00e9es au Parlement r\u00e9gional.<\/p>\n","protected":false},"excerpt":{"rendered":"L&rsquo;extr\u00eame droite allemande devrait remporter les \u00e9lections r\u00e9gionales ce dimanche en Saxe-Anhalt, un Land \u00e0 l&rsquo;est du pays.&hellip;\n","protected":false},"author":2,"featured_media":1167924,"comment_status":"","ping_status":"","sticky":false,"template":"","format":"standard","meta":{"footnotes":"","_share_on_mastodon":"0"},"categories":[1587],"tags":[1111,11,672,1921,1804,1805,1803,1777,674,4710,1801,1922,12,1802,133,1920],"class_list":["post-1167923","post","type-post","status-publish","format-standard","has-post-thumbnail","category-allemagne","tag-actu","tag-actualites","tag-allemagne","tag-article-video","tag-bundesrepublik-deutschland","tag-de","tag-deutschland","tag-eu","tag-europe","tag-friedrich-merz","tag-germany","tag-info","tag-news","tag-republique-federale-dallemagne","tag-video","tag-video-international"],"share_on_mastodon":{"url":"https:\/\/pubeurope.com\/@fr\/117215698934461140","error":""},"_links":{"self":[{"href":"https:\/\/www.europesays.com\/fr\/wp-json\/wp\/v2\/posts\/1167923","targetHints":{"allow":["GET"]}}],"collection":[{"href":"https:\/\/www.europesays.com\/fr\/wp-json\/wp\/v2\/posts"}],"about":[{"href":"https:\/\/www.europesays.com\/fr\/wp-json\/wp\/v2\/types\/post"}],"author":[{"embeddable":true,"href":"https:\/\/www.europesays.com\/fr\/wp-json\/wp\/v2\/users\/2"}],"replies":[{"embeddable":true,"href":"https:\/\/www.europesays.com\/fr\/wp-json\/wp\/v2\/comments?post=1167923"}],"version-history":[{"count":0,"href":"https:\/\/www.europesays.com\/fr\/wp-json\/wp\/v2\/posts\/1167923\/revisions"}],"wp:featuredmedia":[{"embeddable":true,"href":"https:\/\/www.europesays.com\/fr\/wp-json\/wp\/v2\/media\/1167924"}],"wp:attachment":[{"href":"https:\/\/www.europesays.com\/fr\/wp-json\/wp\/v2\/media?parent=1167923"}],"wp:term":[{"taxonomy":"category","embeddable":true,"href":"https:\/\/www.europesays.com\/fr\/wp-json\/wp\/v2\/categories?post=1167923"},{"taxonomy":"post_tag","embeddable":true,"href":"https:\/\/www.europesays.com\/fr\/wp-json\/wp\/v2\/tags?post=1167923"}],"curies":[{"name":"wp","href":"https:\/\/api.w.org\/{rel}","templated":true}]}}