{"id":116793,"date":"2025-05-21T11:59:11","date_gmt":"2025-05-21T11:59:11","guid":{"rendered":"https:\/\/www.europesays.com\/fr\/116793\/"},"modified":"2025-05-21T11:59:11","modified_gmt":"2025-05-21T11:59:11","slug":"toulouse-le-telepherique-passe-en-mode-maillot-a-pois-avant-le-tour-de-france","status":"publish","type":"post","link":"https:\/\/www.europesays.com\/fr\/116793\/","title":{"rendered":"Toulouse. Le t\u00e9l\u00e9ph\u00e9rique passe en mode maillot \u00e0 pois avant le Tour de France\u00a0!"},"content":{"rendered":"<p>            Par<br \/>\n        <strong><br \/>\n            <a href=\"https:\/\/actu.fr\/auteur\/guillaume-laurens\" title=\"Consulter tous les articles de Guillaume Laurens\" rel=\"nofollow noopener\" target=\"_blank\">Guillaume Laurens<\/a><br \/>\n        <\/strong><\/p>\n<p>        Publi\u00e9 le<\/p>\n<p>            21 mai 2025 \u00e0 13h35        <\/p>\n<p>C\u2019est un <strong>d\u00e9tail tr\u00e8s visuel<\/strong> qui n\u2019\u00e9chappera \u00e0 personne, entre l\u2019Oncopole et l\u2019Universit\u00e9 Paul Sabatier\u2026 \u00c0 quelques semaines du <a href=\"https:\/\/actu.fr\/occitanie\/toulouse_31555\/tour-de-france-trois-jours-autour-de-toulouse-avant-une-etape-de-montagne-mythique-en-haute-garonne_61798511.html\" rel=\"nofollow noopener\" target=\"_blank\">passage tr\u00e8s attendu du <strong>Tour de France<\/strong> \u00e0 <strong>Toulouse<\/strong><\/a>, certaines cabines du plus long <strong>t\u00e9l\u00e9ph\u00e9rique urbain<\/strong> de France ont pris des couleurs qu\u2019on voit d\u2019habitude davantage s\u2019illustrer\u2026 sur les grands cols des <strong>Pyr\u00e9n\u00e9es<\/strong>\u2009! T\u00e9l\u00e9o arbore en effet les fameuses <strong>couleurs des maillots<\/strong> de la Grande Boucle.<\/p>\n<p>Quatre cabines de T\u00e9l\u00e9o aux couleurs du Tour\u2009!<\/p>\n<p class=\" wall-content\">La Ville rose accueille le Tour de France les mardi\u00a015 et mercredi 16\u00a0juillet 2025. Pour la <strong>premi\u00e8re fois<\/strong>, il y aura <strong>un d\u00e9part et une arriv\u00e9e<\/strong> de ce grand \u00e9v\u00e9nement sportif \u00e0 Toulouse et \u00e0 cette occasion, Tiss\u00e9o a donc d\u00e9cid\u00e9 \u00ab\u2009d\u2019animer son r\u00e9seau aux couleurs du Tour\u2009\u00bb.<\/p>\n<blockquote class=\"ac-article-quote wall-content\">\n<p>Le parcours toulousain du Tour comprend une partie sur le secteur de Pech David. Quatre cabines de T\u00e9l\u00e9o arborent les couleurs des maillots embl\u00e9matiques de cet \u00e9v\u00e9nement.<\/p>\n<p>    <strong>Tiss\u00e9o<\/strong>\n            <\/p><\/blockquote>\n<p>    <img   decoding=\"async\" loading=\"lazy\" src=\"https:\/\/www.europesays.com\/fr\/wp-content\/uploads\/2025\/05\/telepherique-urbain-teleo-maillot-vert-toulouse-960x640.jpg\" alt=\"Voici la cabine verte qui rend hommage au meilleur sprinter du tour\" width=\"960\" height=\"640\"\/><br \/>\n    Voici la cabine verte qui rend hommage au meilleur sprinter du tour (\u00a9Tiss\u00e9o)La cabine jaune sera le clou du spectacle<\/p>\n<p class=\" wall-content\">En clin d\u2019\u0153il aux tuniques r\u00e9serv\u00e9es au <strong>meilleur jeune<\/strong> et au <strong>meilleur sprinteur<\/strong>, \u00ab\u2009la cabine <strong>blanche<\/strong> et la cabine <strong>verte<\/strong> circulent depuis mardi 20\u00a0mai\u2009\u00bb, d\u00e9taille Tiss\u00e9o.<\/p>\n<p>Vid\u00e9os : en ce moment sur Actu<\/p>\n<p class=\" wall-content\">Plus immanquable encore, le <strong>maillot \u00e0 pois<\/strong> du meilleur grimpeur les a suivis d\u00e8s le lendemain\u2009: \u00ab\u2009Mercredi 21\u00a0mai, la troisi\u00e8me <strong>cabine \u00e0 pois<\/strong> a commenc\u00e9 sa tourn\u00e9e\u2009\u00bb.<\/p>\n<p>    <img   decoding=\"async\" loading=\"lazy\" src=\"https:\/\/www.europesays.com\/fr\/wp-content\/uploads\/2025\/05\/telepherique-urbain-teleo-maillot-blanc-toulouse-960x640.jpg\" alt=\"La cabine blanche en clin d'\u0153il au maillot de la m\u00eame couleur, d\u00e9volu au meilleur jeune du Tour de France\" width=\"960\" height=\"640\"\/><br \/>\n    La cabine blanche en clin d\u2019\u0153il au maillot de la m\u00eame couleur, d\u00e9volu au meilleur jeune du Tour de France (\u00a9Tiss\u00e9o)<\/p>\n<p class=\" wall-content\">Tiss\u00e9o pr\u00e9cise que le clou du spectacle, le fameux <strong>maillot jaune,<\/strong> ne sera bien \u00e9videmment pas oubli\u00e9\u2009: \u00ab\u2009La derni\u00e8re <strong>cabine qui sera jaune<\/strong> circulera le samedi 24\u00a0mai\u2009\u00bb.<\/p>\n<blockquote class=\"ac-article-quote wall-content\">\n<p>\u00c0 compter du samedi 24 mai, F\u00eate du Tour sur le territoire national, les 4 cabines circuleront jusqu\u2019au d\u00e9but du mois d\u2019ao\u00fbt sur le parcours du t\u00e9l\u00e9ph\u00e9rique.<\/p>\n<p>    <strong>Tiss\u00e9o<\/strong>\n            <\/p><\/blockquote>\n<p>Le tram bient\u00f4t aux couleurs du Tour aussi<\/p>\n<p class=\" wall-content\">Le <strong>tramway de Toulouse<\/strong> embo\u00eetera bient\u00f4t le pas au t\u00e9l\u00e9ph\u00e9rique. Samedi 24\u00a0mai, \u00e0 partir de 14\u00a0heures, \u00ab\u2009une <strong>rame de tramway<\/strong> adh\u00e9siv\u00e9e aux couleurs du Tour commencera \u00e0 circuler sur la ligne T1\u2009\u00bb, et ce jusqu\u2019au 19\u00a0juillet.<\/p>\n<p>50\u2009000 exemplaires ticket collector\u2026 de couleur jaune<\/p>\n<p class=\" wall-content\">Enfin, Tiss\u00e9o pr\u00e9cise qu\u2019un<strong> \u00ab\u2009ticket collector aux couleurs du Tour\u2009\u00bb<\/strong> (jaune) sera \u00e9dit\u00e9 en <strong>50\u2009000 exemplaires<\/strong> et disponible courant dans diff\u00e9rents points de vente, notamment <strong>\u00e0 bord des bus<\/strong> (uniquement achat de ticket derni\u00e8re minute, pas de rechargement).<\/p>\n<p class=\" wall-content\">Comme pour les autres titres, le <a href=\"https:\/\/actu.fr\/occitanie\/toulouse_31555\/toulouse-metro-bus-tram-les-tickets-classiques-bientot-plus-valables-ce-qu-il-va-se-passer_62333095.html\" rel=\"nofollow noopener\" target=\"_blank\">rechargement de ce ticket<\/a> sera possible. Rappelons que le ticket rechargeable permet de <strong>voyager \u00e0 plusieurs<\/strong> et qu\u2019il suffit de valider le ticket autant de fois qu\u2019il y a de personnes voyageant sur le r\u00e9seau\u2026<\/p>\n<p class=\" wall-content\">\u00ab\u2009Il s\u2019agit du <strong>premier ticket rechargeable collector<\/strong>\u2009\u00bb, souligne Tiss\u00e9o, qui y voit \u00ab\u2009un beau souvenir utile et \u00e0 garder longtemps\u2009!\u2009\u00bb<\/p>\n<p><strong>Un jeu-concours pour remporter un casque connect\u00e9<\/strong><br \/>\n\u00c0 noter que du 24 mai au 2 juin, Tiss\u00e9o Voyageurs proposera par ailleurs un jeu concours sur son compte Instagram @tisseo_officiel pour remporter un casque connect\u00e9 Cosmo Connected. Le principe\u2009? \u00ab\u2009Contribuer \u00e0 faire du t\u00e9l\u00e9ph\u00e9rique toulousain, une des plus belles images de ce Tour de France \u00e9dition 2025\u2009\u00bb. Toutes les informations sur les conditions de participation au concours sont dans le linktree du compte Instagram et sur <a href=\"https:\/\/www.tisseo.fr\" rel=\"nofollow noopener\" target=\"_blank\">le site web de Tiss\u00e9o.<\/a><\/p>\n<p class=\" wall-content\">Suivez toute l\u2019actualit\u00e9 de vos villes et m\u00e9dias favoris en vous inscrivant \u00e0 <a href=\"https:\/\/moncompte.actu.fr\" title=\"D\u00e9couvez Mon Actu\" rel=\"nofollow noopener\" data-trk=\"{&quot;cta&quot;:{&quot;action&quot;:&quot;https:\\\/\\\/moncompte.actu.fr&quot;,&quot;category&quot;:&quot;mon compte&quot;,&quot;from&quot;:&quot;article footer&quot;,&quot;name&quot;:&quot;Mon actu&quot;,&quot;type&quot;:&quot;cta&quot;}}\" target=\"_blank\">Mon Actu<\/a>.<\/p>\n","protected":false},"excerpt":{"rendered":"Par Guillaume Laurens Publi\u00e9 le 21 mai 2025 \u00e0 13h35 C\u2019est un d\u00e9tail tr\u00e8s visuel qui n\u2019\u00e9chappera \u00e0&hellip;\n","protected":false},"author":2,"featured_media":116794,"comment_status":"","ping_status":"","sticky":false,"template":"","format":"standard","meta":{"footnotes":""},"categories":[2816],"tags":[1111,11,1777,674,1011,27,1757,12,2680,25,5400,2312,210,2116],"class_list":{"0":"post-116793","1":"post","2":"type-post","3":"status-publish","4":"format-standard","5":"has-post-thumbnail","7":"category-toulouse","8":"tag-actu","9":"tag-actualites","10":"tag-eu","11":"tag-europe","12":"tag-fr","13":"tag-france","14":"tag-insolite","15":"tag-news","16":"tag-occitanie","17":"tag-republique-francaise","18":"tag-tisseo","19":"tag-toulouse","20":"tag-tour-de-france","21":"tag-tour-de-france-2025"},"share_on_mastodon":{"url":"https:\/\/pubeurope.com\/@fr\/114545712530171085","error":""},"_links":{"self":[{"href":"https:\/\/www.europesays.com\/fr\/wp-json\/wp\/v2\/posts\/116793","targetHints":{"allow":["GET"]}}],"collection":[{"href":"https:\/\/www.europesays.com\/fr\/wp-json\/wp\/v2\/posts"}],"about":[{"href":"https:\/\/www.europesays.com\/fr\/wp-json\/wp\/v2\/types\/post"}],"author":[{"embeddable":true,"href":"https:\/\/www.europesays.com\/fr\/wp-json\/wp\/v2\/users\/2"}],"replies":[{"embeddable":true,"href":"https:\/\/www.europesays.com\/fr\/wp-json\/wp\/v2\/comments?post=116793"}],"version-history":[{"count":0,"href":"https:\/\/www.europesays.com\/fr\/wp-json\/wp\/v2\/posts\/116793\/revisions"}],"wp:featuredmedia":[{"embeddable":true,"href":"https:\/\/www.europesays.com\/fr\/wp-json\/wp\/v2\/media\/116794"}],"wp:attachment":[{"href":"https:\/\/www.europesays.com\/fr\/wp-json\/wp\/v2\/media?parent=116793"}],"wp:term":[{"taxonomy":"category","embeddable":true,"href":"https:\/\/www.europesays.com\/fr\/wp-json\/wp\/v2\/categories?post=116793"},{"taxonomy":"post_tag","embeddable":true,"href":"https:\/\/www.europesays.com\/fr\/wp-json\/wp\/v2\/tags?post=116793"}],"curies":[{"name":"wp","href":"https:\/\/api.w.org\/{rel}","templated":true}]}}