{"id":1167940,"date":"2026-09-05T01:05:12","date_gmt":"2026-09-05T01:05:12","guid":{"rendered":"https:\/\/www.europesays.com\/fr\/1167940\/"},"modified":"2026-09-05T01:05:12","modified_gmt":"2026-09-05T01:05:12","slug":"luci-reflechit-a-la-securite-mais-des-desaccords-demeurent-actualite","status":"publish","type":"post","link":"https:\/\/www.europesays.com\/fr\/1167940\/","title":{"rendered":"L&rsquo;UCI r\u00e9fl\u00e9chit \u00e0 la s\u00e9curit\u00e9 mais des d\u00e9saccords demeurent &#8211; Actualit\u00e9"},"content":{"rendered":"<p style=\"text-align: justify;\">Le Conseil du Cyclisme Professionnel s&rsquo;est r\u00e9uni cette semaine, \u00e0 Aigle, au si\u00e8ge de l&rsquo;Union Cycliste Internationale, pour plancher sur de nombreux sujets qui agitent le peloton. Apr\u00e8s avoir d\u00e9livr\u00e9 un hommage \u00e0 Finlay Tarling,\u00a0<strong><a href=\"https:\/\/www.directvelo.com\/actualite\/131184\/finlay-tarling-meurt-dans-un-accident-au-tour-du-portugal\" target=\"_blank\" rel=\"noopener nofollow\">disparu au dernier Tour du Portugal<\/a><\/strong>, les diff\u00e9rents acteurs du cyclisme ont accord\u00e9 une grande part de la r\u00e9union \u00e0 la s\u00e9curit\u00e9.<\/p>\n<p style=\"text-align: justify;\">Cependant, l&rsquo;UCI pr\u00e9cise dans son communiqu\u00e9 \u00ab\u00a0l&rsquo;absence de proposition commune des diff\u00e9rentes familles\u00a0\u00bb. L&rsquo;organisme s&rsquo;est content\u00e9 d&rsquo;un rappel de \u00ab\u00a0la n\u00e9cessit\u00e9 imp\u00e9rieuse de mettre en place aussi rapidement que possible un syst\u00e8me d\u00e9di\u00e9 \u00e0 la s\u00e9curit\u00e9, permettant de suivre en temps r\u00e9el la localisation des coureurs et des v\u00e9hicules en course sur toutes les \u00e9preuves sur route professionnelles, \u00e0 commencer par celles de l\u2019UCI WorldTour et de l\u2019UCI Women\u2019s WorldTour\u00a0\u00bb.<\/p>\n<p>Sur les derniers Championnats du Monde \u00e0 Kigali (Rwanda), comme sur toutes les prochaines \u00e9ditions, l&rsquo;UCI a mis en place un syst\u00e8me dans ce sens. R\u00e9cemment, <strong><a href=\"https:\/\/www.directvelo.com\/actualite\/131635\/rouback-le-capteur-pour-changer-la-securite-dans-le-peloton\" target=\"_blank\" rel=\"noopener nofollow\">RouBack a aussi jet\u00e9 une bouteille \u00e0 la mer en Belgique<\/a><\/strong>. Mais outre la s\u00e9curit\u00e9, des int\u00e9r\u00eats commerciaux entrent aussi en piste. David Lappartient, pr\u00e9sident, ayant rappel\u00e9 qu&rsquo;il est \u00ab\u00a0n\u00e9cessaire, dans les discussions sur la s\u00e9curit\u00e9, que les parties prenantes d\u00e9passent les d\u00e9saccords pouvant exister sur certains sujets pour agir ensemble. Selon lui, la s\u00e9curit\u00e9 des coureurs l\u2019impose, et cette derni\u00e8re ne doit jamais \u00eatre sacrifi\u00e9e au profit d\u2019int\u00e9r\u00eats commerciaux\u00a0\u00bb.<\/p>\n<p>En prime, l&rsquo;UCI et donc SafeR, la structur\u00e9 d\u00e9di\u00e9e \u00e0 la s\u00e9curit\u00e9, veulent garantir dans les derniers hectom\u00e8tres \u00ab\u00a0l\u2019utilisation de barri\u00e8res conformes aux normes issues de l\u2019\u00e9tude men\u00e9e par la Haute \u00c9cole Sp\u00e9cialis\u00e9e de Suisse Occidentale Valais-Wallis. Cette obligation s\u2019appliquera progressivement, d\u2019abord aux \u00e9preuves de l\u2019UCI WorldTour et de l\u2019UCI Women\u2019s WorldTour d\u00e8s la saison 2027, avant d\u2019\u00eatre \u00e9tendue \u00e0 l\u2019ensemble des autres classes d\u2019\u00e9preuves\u00a0\u00bb.<\/p>\n<p>Mais le travail est encore long pour pousser tous les curseurs de la s\u00e9curit\u00e9, car si elle est r\u00e9guli\u00e8rement qualifi\u00e9e de priorit\u00e9 absolue, elle ne se substitue pas pour autant compl\u00e8tement aux int\u00e9r\u00eats commerciaux qui lui sont li\u00e9s.<\/p>\n","protected":false},"excerpt":{"rendered":"Le Conseil du Cyclisme Professionnel s&rsquo;est r\u00e9uni cette semaine, \u00e0 Aigle, au si\u00e8ge de l&rsquo;Union Cycliste Internationale, pour&hellip;\n","protected":false},"author":2,"featured_media":1167941,"comment_status":"","ping_status":"","sticky":false,"template":"","format":"standard","meta":{"footnotes":"","_share_on_mastodon":"0"},"categories":[1411],"tags":[834,828,836,829,837,827,83,826,824,823,1154,207,814,817,815,816,822,821,832,211,839,1011,27,820,818,819,835,831,830,833,838,60,212,208,825],"class_list":["post-1167940","post","type-post","status-publish","format-standard","has-post-thumbnail","category-cyclisme","tag-attaque","tag-belgique","tag-braquet","tag-bretagne","tag-chute","tag-competition","tag-coupe-de-france","tag-coureur","tag-course-cyclisme","tag-course-cycliste","tag-cycling","tag-cyclisme","tag-direct","tag-direct-velo","tag-directvelo","tag-directvelo-com","tag-epreuve","tag-epreuve-cycliste","tag-federation-francaise-de-cyclisme","tag-ffc","tag-flandres","tag-fr","tag-france","tag-live","tag-live-course","tag-live-epreuve","tag-peloton","tag-radio-peloton","tag-radio-tour","tag-ravitaillement","tag-relance","tag-sports","tag-uci","tag-velo","tag-velos"],"share_on_mastodon":{"url":"https:\/\/pubeurope.com\/@fr\/117215751655682796","error":""},"_links":{"self":[{"href":"https:\/\/www.europesays.com\/fr\/wp-json\/wp\/v2\/posts\/1167940","targetHints":{"allow":["GET"]}}],"collection":[{"href":"https:\/\/www.europesays.com\/fr\/wp-json\/wp\/v2\/posts"}],"about":[{"href":"https:\/\/www.europesays.com\/fr\/wp-json\/wp\/v2\/types\/post"}],"author":[{"embeddable":true,"href":"https:\/\/www.europesays.com\/fr\/wp-json\/wp\/v2\/users\/2"}],"replies":[{"embeddable":true,"href":"https:\/\/www.europesays.com\/fr\/wp-json\/wp\/v2\/comments?post=1167940"}],"version-history":[{"count":0,"href":"https:\/\/www.europesays.com\/fr\/wp-json\/wp\/v2\/posts\/1167940\/revisions"}],"wp:featuredmedia":[{"embeddable":true,"href":"https:\/\/www.europesays.com\/fr\/wp-json\/wp\/v2\/media\/1167941"}],"wp:attachment":[{"href":"https:\/\/www.europesays.com\/fr\/wp-json\/wp\/v2\/media?parent=1167940"}],"wp:term":[{"taxonomy":"category","embeddable":true,"href":"https:\/\/www.europesays.com\/fr\/wp-json\/wp\/v2\/categories?post=1167940"},{"taxonomy":"post_tag","embeddable":true,"href":"https:\/\/www.europesays.com\/fr\/wp-json\/wp\/v2\/tags?post=1167940"}],"curies":[{"name":"wp","href":"https:\/\/api.w.org\/{rel}","templated":true}]}}