{"id":1167946,"date":"2026-09-05T01:08:17","date_gmt":"2026-09-05T01:08:17","guid":{"rendered":"https:\/\/www.europesays.com\/fr\/1167946\/"},"modified":"2026-09-05T01:08:17","modified_gmt":"2026-09-05T01:08:17","slug":"depuis-60-ans-le-camera-photo-club-immortalise-le-quotidien-et-les-grands-evenements-de-loches","status":"publish","type":"post","link":"https:\/\/www.europesays.com\/fr\/1167946\/","title":{"rendered":"Depuis 60 ans, le Cam\u00e9ra photo club immortalise le quotidien et les grands \u00e9v\u00e9nements de Loches"},"content":{"rendered":"<p>Gr\u00e2ce \u00e0 eux, c\u2019est une partie de la m\u00e9moire de la vie lochoise qui perdure. Depuis 60\u00a0ans, le Camera photo club du Lochois immortalise aussi bien le quotidien que les grands moments, en photo ou en vid\u00e9o. On d\u00e9couvre notamment leur travail, en ce moment, <a target=\"_self\" href=\"https:\/\/www.lanouvellerepublique.fr\/loches\/il-fallait-en-garder-des-traces-l-impressionnant-chantier-de-la-collegiale-saint-ours-a-loches-devoile-ses-secrets-dans-une-exposition-de-photos-1781015406\" rel=\"nofollow noopener\">\u00e0 la Chancellerie<\/a>, dans le cadre d\u2019une exposition qui documente les travaux de la coll\u00e9giale Saint-Ours&#8230;. <\/p>\n<p>    Cet article a \u00e9t\u00e9 tronqu\u00e9. Abonnez-vous pour lire l&rsquo;article complet sur notre site.<\/p>\n<p style=\"margin: 0 !important; padding: 0 !important; font-size: 12px !important;\">Cet article a \u00e9t\u00e9 tronqu\u00e9. Abonnez-vous pour lire l&rsquo;article complet.<\/p>\n<p>    <a href=\"https:\/\/www.lanouvellerepublique.fr\/abonnements\" style=\"display: inline-block; margin-top: 5px !important; padding: 6px 12px !important; background: #cb1c27; color: white; text-decoration: none; border-radius: 4px; font-size: 12px !important;\" rel=\"nofollow noopener\" target=\"_blank\"><br \/>\n      S&rsquo;abonner<br \/>\n    <\/a><\/p>\n","protected":false},"excerpt":{"rendered":"Gr\u00e2ce \u00e0 eux, c\u2019est une partie de la m\u00e9moire de la vie lochoise qui perdure. Depuis 60\u00a0ans, le&hellip;\n","protected":false},"author":2,"featured_media":1167947,"comment_status":"","ping_status":"","sticky":false,"template":"","format":"standard","meta":{"footnotes":"","_share_on_mastodon":"0"},"categories":[1358],"tags":[1392,1348,1384,1385,1386,58,59,14537,49323,1011,27,1387,14381,1393],"class_list":["post-1167946","post","type-post","status-publish","format-standard","has-post-thumbnail","category-arts-et-design","tag-a-la-une-local","tag-arts","tag-arts-and-design","tag-arts-et-design","tag-design","tag-divertissement","tag-entertainment","tag-fetes","tag-forum-des-associations","tag-fr","tag-france","tag-indre-et-loire","tag-loches","tag-loisirs"],"share_on_mastodon":{"url":"https:\/\/pubeurope.com\/@fr\/117215763240873278","error":""},"_links":{"self":[{"href":"https:\/\/www.europesays.com\/fr\/wp-json\/wp\/v2\/posts\/1167946","targetHints":{"allow":["GET"]}}],"collection":[{"href":"https:\/\/www.europesays.com\/fr\/wp-json\/wp\/v2\/posts"}],"about":[{"href":"https:\/\/www.europesays.com\/fr\/wp-json\/wp\/v2\/types\/post"}],"author":[{"embeddable":true,"href":"https:\/\/www.europesays.com\/fr\/wp-json\/wp\/v2\/users\/2"}],"replies":[{"embeddable":true,"href":"https:\/\/www.europesays.com\/fr\/wp-json\/wp\/v2\/comments?post=1167946"}],"version-history":[{"count":0,"href":"https:\/\/www.europesays.com\/fr\/wp-json\/wp\/v2\/posts\/1167946\/revisions"}],"wp:featuredmedia":[{"embeddable":true,"href":"https:\/\/www.europesays.com\/fr\/wp-json\/wp\/v2\/media\/1167947"}],"wp:attachment":[{"href":"https:\/\/www.europesays.com\/fr\/wp-json\/wp\/v2\/media?parent=1167946"}],"wp:term":[{"taxonomy":"category","embeddable":true,"href":"https:\/\/www.europesays.com\/fr\/wp-json\/wp\/v2\/categories?post=1167946"},{"taxonomy":"post_tag","embeddable":true,"href":"https:\/\/www.europesays.com\/fr\/wp-json\/wp\/v2\/tags?post=1167946"}],"curies":[{"name":"wp","href":"https:\/\/api.w.org\/{rel}","templated":true}]}}