{"id":1167973,"date":"2026-09-05T01:24:30","date_gmt":"2026-09-05T01:24:30","guid":{"rendered":"https:\/\/www.europesays.com\/fr\/1167973\/"},"modified":"2026-09-05T01:24:30","modified_gmt":"2026-09-05T01:24:30","slug":"marche-jaune-a-nancy-briser-le-silence-autour-des-9-000-suicides-annuels-en-france","status":"publish","type":"post","link":"https:\/\/www.europesays.com\/fr\/1167973\/","title":{"rendered":"Marche Jaune : \u00e0 Nancy, briser le silence autour des 9 000 suicides annuels en France"},"content":{"rendered":"<p><img decoding=\"async\" class=\"\" style=\"width:100%\" src=\"https:\/\/www.europesays.com\/fr\/wp-content\/uploads\/2026\/09\/730104114_1352200053513454_4942180583439096189_n1788540725139.jpeg\" alt=\"La marche Jaune a lieu ce dimanche \u00e0 Nancy\"\/><\/p>\n<p>La marche Jaune a lieu ce dimanche \u00e0 Nancy<\/p>\n<p>Cr\u00e9dit : Centre Psychoth\u00e9rapique de Nancy &#8211; CPN<\/p>\n<p>Un rendez-vous citoyen et gratuit, organis\u00e9 \u00e0 l&rsquo;occasion de la Journ\u00e9e internationale de pr\u00e9vention du suicide, pour lever le tabou qui entoure encore ce sujet.<\/p>\n<p>Des chiffres qui appellent \u00e0 agir<\/p>\n<p>Chaque ann\u00e9e en France, environ 9 000 personnes se donnent la mort, et l&rsquo;on recense pr\u00e8s de 200 000 tentatives de suicide. Des statistiques qui masquent, derri\u00e8re chaque unit\u00e9, des trajectoires de vie bris\u00e9es et des familles endeuill\u00e9es.<\/p>\n<p>Pour Fabienne Ligier, professeure et coordinatrice m\u00e9dicale du Centre R\u00e9gional de Pr\u00e9vention du Suicide Grand Est \u00e0 Nancy, rompre le silence constitue d\u00e9j\u00e0 un acte de pr\u00e9vention \u00e0 part enti\u00e8re.<\/p>\n<p>Elle souligne que le suicide demeure un sujet tabou, un silence qui aggrave la honte ressentie par les personnes en souffrance et complique aussi le travail de deuil de celles qui ont perdu un proche.<\/p>\n<p>Une mobilisation port\u00e9e par deux structures nanc\u00e9iennes<\/p>\n<p>Organis\u00e9e conjointement par le Centre Psychoth\u00e9rapique de Nancy (CPN) et le Centre Ressource Pr\u00e9vention Suicide Grand Est (CRPS), cette Marche Jaune poursuit un triple objectif : briser les tabous, ouvrir le dialogue et faire conna\u00eetre les ressources d&rsquo;aide existantes.<\/p>\n<p>Parmi elles, le 3114, num\u00e9ro national de pr\u00e9vention du suicide, occupe une place centrale. Accessible 24h\/24 et 7j\/7, il met en relation les personnes en d\u00e9tresse, mais aussi leurs proches ou les professionnels de sant\u00e9, avec des psychologues et infirmiers sous supervision m\u00e9dicale.<\/p>\n<p>D&rsquo;autres dispositifs viennent compl\u00e9ter ce maillage, comme SOS Amiti\u00e9, Nightline pour les \u00e9tudiants ou encore Petits Fr\u00e8res des Pauvres pour les personnes plus \u00e2g\u00e9es, autant de lignes d&rsquo;\u00e9coute destin\u00e9es \u00e0 rompre l&rsquo;isolement souvent au c\u0153ur des crises suicidaires.<\/p>\n<p> Comment r\u00e9agir face \u00e0 un proche en difficult\u00e9 ?<\/p>\n<p>Interrog\u00e9e sur l&rsquo;attitude \u00e0 adopter face \u00e0 un proche exprimant des id\u00e9es noires, Fabienne Ligier insiste sur l&rsquo;importance de nommer son inqui\u00e9tude sans d\u00e9tour, en observant les changements de comportement, puis d&rsquo;oser poser directement la question du suicide.<\/p>\n<p>Selon elle, cette parole peut soulager la personne concern\u00e9e. Elle recommande ensuite de l&rsquo;orienter vers un m\u00e9decin traitant, d&rsquo;appeler le 3114 pour \u00eatre guid\u00e9, ou de se rendre aux urgences hospitali\u00e8res en cas de besoin imm\u00e9diat.<\/p>\n<p>Une marche de 2,8 km au programme festif<\/p>\n<p>Le d\u00e9part sera donn\u00e9 \u00e0 10h depuis l&rsquo;Auditorium du Parc de la P\u00e9pini\u00e8re pour un parcours de 2,8 kilom\u00e8tres, jusqu&rsquo;\u00e0 13h. L&rsquo;\u00e9v\u00e9nement proposera des animations musicales, des stands d&rsquo;information sur la pr\u00e9vention du suicide, une mise en avant des dispositifs d&rsquo;\u00e9coute et des associations locales, ainsi que des lots \u00e0 gagner.<\/p>\n<p>Une mani\u00e8re, selon les organisateurs, d&rsquo;affirmer collectivement que personne ne doit affronter seul la souffrance psychique.<\/p>\n<p>Informations pratiques<\/p>\n<ul>\n<li><strong>Date :<\/strong> dimanche 6 septembre, de 10h \u00e0 13h<\/li>\n<li><strong>Lieu :<\/strong> Auditorium du Parc de la P\u00e9pini\u00e8re, Nancy<\/li>\n<li><strong>Parcours :<\/strong> marche de 2,8 km<\/li>\n<li><strong>Acc\u00e8s :<\/strong> gratuit, ouvert \u00e0 tous<\/li>\n<\/ul>\n<p>Si vous ou un proche traversez une p\u00e9riode difficile, le <strong>3114<\/strong> (num\u00e9ro national de pr\u00e9vention du suicide) est disponible gratuitement, 24h\/24 et 7j\/7.<\/p>\n<p>Il existe plusieurs dispositifs d\u2019aide \u00e0 disposition.Il existe plusieurs dispositifs d\u2019aide \u00e0 disposition.<\/p>\n<p>La Professeur Fabienne Ligier, coordinatrice m\u00e9dicale du Centre r\u00e9gional de pr\u00e9vention du suicide Grand Est \u00e0 Nancy, revient sur les dispositifs d\u2019aide \u00e0 disposition. Des propos recueillis par Zo\u00e9 Thomas<\/p>\n","protected":false},"excerpt":{"rendered":"La marche Jaune a lieu ce dimanche \u00e0 Nancy Cr\u00e9dit : Centre Psychoth\u00e9rapique de Nancy &#8211; CPN Un&hellip;\n","protected":false},"author":2,"featured_media":1167974,"comment_status":"","ping_status":"","sticky":false,"template":"","format":"standard","meta":{"footnotes":"","_share_on_mastodon":"0"},"categories":[9635],"tags":[120679,1111,11,41603,120678,120680,7236,1777,674,1011,27,775,120677,3457,1702,12,11014,3919,25,5748],"class_list":["post-1167973","post","type-post","status-publish","format-standard","has-post-thumbnail","category-nancy","tag-9-000-suicides","tag-actu","tag-actualites","tag-agir","tag-brise-le-silence","tag-en-parler-cest-deja-agir","tag-espoir","tag-eu","tag-europe","tag-fr","tag-france","tag-grand-est","tag-marche-jaune","tag-meurthe-et-moselle","tag-nancy","tag-news","tag-parc-de-la-pepiniere","tag-rassemblement","tag-republique-francaise","tag-suicide"],"share_on_mastodon":{"url":"https:\/\/pubeurope.com\/@fr\/117215827766060369","error":""},"_links":{"self":[{"href":"https:\/\/www.europesays.com\/fr\/wp-json\/wp\/v2\/posts\/1167973","targetHints":{"allow":["GET"]}}],"collection":[{"href":"https:\/\/www.europesays.com\/fr\/wp-json\/wp\/v2\/posts"}],"about":[{"href":"https:\/\/www.europesays.com\/fr\/wp-json\/wp\/v2\/types\/post"}],"author":[{"embeddable":true,"href":"https:\/\/www.europesays.com\/fr\/wp-json\/wp\/v2\/users\/2"}],"replies":[{"embeddable":true,"href":"https:\/\/www.europesays.com\/fr\/wp-json\/wp\/v2\/comments?post=1167973"}],"version-history":[{"count":0,"href":"https:\/\/www.europesays.com\/fr\/wp-json\/wp\/v2\/posts\/1167973\/revisions"}],"wp:featuredmedia":[{"embeddable":true,"href":"https:\/\/www.europesays.com\/fr\/wp-json\/wp\/v2\/media\/1167974"}],"wp:attachment":[{"href":"https:\/\/www.europesays.com\/fr\/wp-json\/wp\/v2\/media?parent=1167973"}],"wp:term":[{"taxonomy":"category","embeddable":true,"href":"https:\/\/www.europesays.com\/fr\/wp-json\/wp\/v2\/categories?post=1167973"},{"taxonomy":"post_tag","embeddable":true,"href":"https:\/\/www.europesays.com\/fr\/wp-json\/wp\/v2\/tags?post=1167973"}],"curies":[{"name":"wp","href":"https:\/\/api.w.org\/{rel}","templated":true}]}}