{"id":116799,"date":"2025-05-21T12:02:09","date_gmt":"2025-05-21T12:02:09","guid":{"rendered":"https:\/\/www.europesays.com\/fr\/116799\/"},"modified":"2025-05-21T12:02:09","modified_gmt":"2025-05-21T12:02:09","slug":"marseille-ce-restaurant-inedit-de-street-food-de-la-mer-debarque-tout-pres-du-vieux-port","status":"publish","type":"post","link":"https:\/\/www.europesays.com\/fr\/116799\/","title":{"rendered":"Marseille. Ce restaurant in\u00e9dit de \u00ab\u00a0street-food\u00a0\u00bb de la mer d\u00e9barque tout pr\u00e8s du Vieux-Port"},"content":{"rendered":"<p>            Par<br \/>\n        <strong><br \/>\n            <a href=\"https:\/\/actu.fr\/auteur\/fabien-binacchi\" title=\"Consulter tous les articles de Fabien Binacchi\" rel=\"nofollow noopener\" target=\"_blank\">Fabien Binacchi<\/a><br \/>\n        <\/strong><\/p>\n<p>        Publi\u00e9 le<\/p>\n<p>            21 mai 2025 \u00e0 13h41        <\/p>\n<p><strong>EXCLUSIF.<\/strong> Rue de la tour, \u00e0 deux pas du Vieux-Port de Marseille, Linda et Herv\u00e9 Vila Palleja \u00e9tendent leur petit empire. Apr\u00e8s <strong>Le Pain \u00e0 l\u2019ail<\/strong>, leur spot de cuisine proven\u00e7ale revisit\u00e9e, ouvert il y a 5\u00a0ans et demi, et <strong>Pain Perdu<\/strong>, qui propose glaces et desserts depuis un an et demi, ils s\u2019appr\u00eatent \u00e0 lancer, juste \u00e0 c\u00f4t\u00e9, <strong>La Mer<\/strong>.<\/p>\n<p class=\" wall-content\"><strong>Un concept in\u00e9dit et \u00ab\u2009pas cher\u2009\u00bb de \u00ab\u2009street-food\u2009\u00bb autour des coquillages<\/strong> qu\u2019ils pr\u00e9sentent en exclusivit\u00e9 \u00e0 actu Marseille.<\/p>\n<p>Un spot \u00ab\u2009identitaire de Marseille\u2009\u00bb<\/p>\n<p class=\" wall-content\">Ils ont d\u00e9j\u00e0 fait recette avec leurs revisites des grands classiques de la cuisine proven\u00e7ale <strong>en version sandwichs\u2009:<\/strong> imaginez, si vous n\u2019y avez pas encore go\u00fbt\u00e9, les saveurs de l\u2019a\u00efoli, de la daube ou de la bouillabaisse \u00e0 manger sur le pouce dans une baguette croustillante.<\/p>\n<p class=\" wall-content\"><strong>Une \u00ab\u2009street-food\u2009\u00bb,<\/strong> \u00e0 ne surtout pas confondre avec du fast-food, \u00ab\u2009car ici, on fait de la cuisine qui prend du temps\u2009\u00bb, <strong>qu\u2019Herv\u00e9 Vila Palleja et sa femme vont d\u00e9cliner dans la m\u00eame rue de la Tour,<\/strong> sur le prolongement de la place du g\u00e9n\u00e9ral de Gaulle, juste \u00e0 c\u00f4t\u00e9 du Vieux-Port et de la Canebi\u00e8re.<\/p>\n<p>Dans un ancien bar \u00e0 h\u00f4tesses<\/p>\n<p class=\" wall-content\">Apr\u00e8s Pain perdu, leur autre adresse \u00ab\u2009sucr\u00e9e\u2009\u00bb qui jouxte le Pain \u00e0 l\u2019ail, le couple lance d\u2019ici quelques jours un nouveau spot toujours aussi \u00ab\u2009identitaire de Marseille\u2009\u00bb mais centr\u00e9 sur les produits de la mer. Avec le m\u00eame credo\u2009: <strong>pas cher, facile,<\/strong><strong> sans chichi.<\/strong><\/p>\n<p>Vid\u00e9os : en ce moment sur Actu<\/p>\n<p class=\" wall-content\"><strong>\u00ab\u2009Mon mari a plein d\u2019id\u00e9es et elles sont souvent tr\u00e8s bonnes\u2009\u00bb<\/strong>, s\u2019amuse la chef Linda, depuis son comptoir dans l\u2019\u00e9tablissement originel du couple situ\u00e9 \u00e0 seulement quelques m\u00e8tres de celui qui s\u2019appr\u00eate \u00e0 ouvrir.<\/p>\n<p class=\" wall-content\">C\u2019est dans un ancien bar \u00e0 h\u00f4tesses, dernier du genre dans le quartier de l\u2019Op\u00e9ra, le Joy, qui avait baiss\u00e9 le rideau il y a un an et demi, que \u00ab\u2009La Mer\u2009\u00bb servira ses premiers clients <strong>d\u00e8s le 28\u00a0mai,<\/strong> apr\u00e8s une premi\u00e8re journ\u00e9e de rodage, annoncent les Vila Palleja.<\/p>\n<p class=\" wall-content\"><strong>\u00c0 partir de 6\u00a0euros les 6 hu\u00eetres<\/strong><\/p>\n<p class=\" wall-content\">Avec des produits \u00ab\u2009les plus locaux possibles\u2009\u00bb. \u00ab\u2009On n\u2019aura que des hu\u00eetres d\u2019ici, <strong>de l\u2019\u00e9tang de Thau, de Bouzigues, de Camargue mais aussi de Tamaris.<\/strong> Les bulots sont \u00e9galement de M\u00e9diterran\u00e9e\u2009\u00bb, pr\u00e9cise le g\u00e9rant. Des assiettes, \u00e0 partir de 6\u00a0euros les 6 coquillages (une affaire), seront propos\u00e9es \u00e0 d\u00e9guster \u00e0 emporter ou sur place.<\/p>\n<p class=\" wall-content\">\u00c0 La Mer, il n\u2019y a pas de serveur mais des plateaux et des tables \u00e0 disposition dans le petit local aux couleurs et \u00e0 la d\u00e9co de \u00ab\u2009cabane de p\u00eacheur\u2009\u00bb, avec <strong>banc d\u2019\u00e9cailler int\u00e9gr\u00e9.<\/strong> Les clients pourront aussi s\u2019asseoir en terrasse, directement dans la rue de la Tour, o\u00f9 les trois commerces vont fonctionner en synergie. Le couple est en train de se cr\u00e9er un v\u00e9ritable \u00abfood court\u00bb, qu\u2019ils ont d\u00e9cid\u00e9 de baptiser symboliquement <strong>\u00ab\u2009Les halles de Provence\u2009\u00bb.<\/strong><\/p>\n<blockquote class=\"ac-article-quote wall-content\">\n<p>\u00ab\u00a0Avec ce concept, il y en a un peu pour tous les go\u00fbts. Il n&rsquo;y a pas de probl\u00e8me de choix. Si on vient en famille ou entre amis, chacun prend \u00e0 manger o\u00f9 il veut et tout le monde se retrouve.\u00a0\u00bb<\/p>\n<p>    <strong>Herv\u00e9 Vila Palleja<\/strong>\n            <\/p><\/blockquote>\n<p>Moules gratin\u00e9es et tourteau entier<\/p>\n<p class=\" wall-content\">\u00c0 la carte de La Mer, le plateau de coquillages plus vari\u00e9 et complet sera propos\u00e9 \u00e0 <strong>19\u00a0euros pour une personne<\/strong> (17\u00a0pi\u00e8ces) et \u00e0 <strong>36\u00a0euros pour deux<\/strong> (34 pi\u00e8ces). Les moules gratin\u00e9es sont affich\u00e9es \u00e0 12 euros. Et il faudra compter 25 euros, en duo, pour le \u00abcass\u2019crab\u00bb, un tourteau entier et ses trois sauces.<\/p>\n<p class=\" wall-content\"><strong>Mention sp\u00e9ciale \u00e9galement pour le prix des boissons\u2009:<\/strong> comptez 2,5 euros pour un soft, 6\u00a0euros la bi\u00e8re, 5\u00a0euros le verre de vin et \u00e0 partir de 20\u00a0euros la bouteille.<\/p>\n<p>La Mer, street-food coquillages, 1 rue Pyth\u00e9as, \u00e0 l\u2019angle de la rue de la Tour et de la place du G\u00e9n\u00e9ral de Gaulle, \u00e0 Marseille (1er). Ouvert du mardi au samedi, de 11h \u00e0 18h, \u00e0 partir du 28\u00a0mai.<\/p>\n<p class=\" wall-content\">Suivez toute l\u2019actualit\u00e9 de vos villes et m\u00e9dias favoris en vous inscrivant \u00e0 <a href=\"https:\/\/moncompte.actu.fr\" title=\"D\u00e9couvez Mon Actu\" rel=\"nofollow noopener\" data-trk=\"{&quot;cta&quot;:{&quot;action&quot;:&quot;https:\\\/\\\/moncompte.actu.fr&quot;,&quot;category&quot;:&quot;mon compte&quot;,&quot;from&quot;:&quot;article footer&quot;,&quot;name&quot;:&quot;Mon actu&quot;,&quot;type&quot;:&quot;cta&quot;}}\" target=\"_blank\">Mon Actu<\/a>.<\/p>\n","protected":false},"excerpt":{"rendered":"Par Fabien Binacchi Publi\u00e9 le 21 mai 2025 \u00e0 13h41 EXCLUSIF. Rue de la tour, \u00e0 deux pas&hellip;\n","protected":false},"author":2,"featured_media":116800,"comment_status":"","ping_status":"","sticky":false,"template":"","format":"standard","meta":{"footnotes":""},"categories":[2814],"tags":[1111,11,677,215,1777,674,1011,27,1305,884,12,882,25,1340],"class_list":{"0":"post-116799","1":"post","2":"type-post","3":"status-publish","4":"format-standard","5":"has-post-thumbnail","7":"category-marseille","8":"tag-actu","9":"tag-actualites","10":"tag-bons-plans","11":"tag-commerce","12":"tag-eu","13":"tag-europe","14":"tag-fr","15":"tag-france","16":"tag-lifestyle","17":"tag-marseille","18":"tag-news","19":"tag-provence-alpes-cote-dazur","20":"tag-republique-francaise","21":"tag-restaurant"},"share_on_mastodon":{"url":"https:\/\/pubeurope.com\/@fr\/114545724194830434","error":""},"_links":{"self":[{"href":"https:\/\/www.europesays.com\/fr\/wp-json\/wp\/v2\/posts\/116799","targetHints":{"allow":["GET"]}}],"collection":[{"href":"https:\/\/www.europesays.com\/fr\/wp-json\/wp\/v2\/posts"}],"about":[{"href":"https:\/\/www.europesays.com\/fr\/wp-json\/wp\/v2\/types\/post"}],"author":[{"embeddable":true,"href":"https:\/\/www.europesays.com\/fr\/wp-json\/wp\/v2\/users\/2"}],"replies":[{"embeddable":true,"href":"https:\/\/www.europesays.com\/fr\/wp-json\/wp\/v2\/comments?post=116799"}],"version-history":[{"count":0,"href":"https:\/\/www.europesays.com\/fr\/wp-json\/wp\/v2\/posts\/116799\/revisions"}],"wp:featuredmedia":[{"embeddable":true,"href":"https:\/\/www.europesays.com\/fr\/wp-json\/wp\/v2\/media\/116800"}],"wp:attachment":[{"href":"https:\/\/www.europesays.com\/fr\/wp-json\/wp\/v2\/media?parent=116799"}],"wp:term":[{"taxonomy":"category","embeddable":true,"href":"https:\/\/www.europesays.com\/fr\/wp-json\/wp\/v2\/categories?post=116799"},{"taxonomy":"post_tag","embeddable":true,"href":"https:\/\/www.europesays.com\/fr\/wp-json\/wp\/v2\/tags?post=116799"}],"curies":[{"name":"wp","href":"https:\/\/api.w.org\/{rel}","templated":true}]}}