{"id":1167993,"date":"2026-09-05T01:38:35","date_gmt":"2026-09-05T01:38:35","guid":{"rendered":"https:\/\/www.europesays.com\/fr\/1167993\/"},"modified":"2026-09-05T01:38:35","modified_gmt":"2026-09-05T01:38:35","slug":"sur-les-quais-de-rennes-14-km-de-fibres-optiques-deplacees-pour-planter-184-arbres","status":"publish","type":"post","link":"https:\/\/www.europesays.com\/fr\/1167993\/","title":{"rendered":"Sur les quais de Rennes, 14\u00a0km de fibres optiques d\u00e9plac\u00e9es pour planter 184\u00a0arbres"},"content":{"rendered":"<tr wp_automatic_readability=\"6.8645161290323\">\n<td valign=\"middle\" align=\"center\" class=\"col-logo\" wp_automatic_readability=\"5\">\n    <img decoding=\"async\" src=\"https:\/\/www.maville.com\/design\/images\/logo-of-monetise.svg?version=20130627\" alt=\"logo Ouest-France\" height=\"66\" loading=\"lazy\"\/><\/p>\n<p>Contenu r\u00e9serv\u00e9 aux abonn\u00e9s<\/p>\n<\/td>\n<td class=\"col-titre\">\n\t\t\tVendredi 04 septembre 2026 19:21<br \/>\n\t\t\t<a class=\"icon-bulle sizeL count\" href=\"#ancreAvis\"><br \/>\n\t&#8230;<br \/>\n<\/a><\/td>\n<\/tr>\n<p>\t\t<a class=\"mavillebox2 elmt-photo\" href=\"https:\/\/www.maville.com\/photosmvi\/2026\/09\/04\/P36110931D7464839G.jpg\" title=\" Travaux sur le r\u00e9seau fibre.  \u00a9  Ouest-France  \" rel=\"galerie_actu nofollow noopener\" target=\"_blank\"><br \/>\n\t<img decoding=\"async\" src=\"https:\/\/www.europesays.com\/fr\/wp-content\/uploads\/2026\/09\/P36110931D7464839G_crop_640-330_.jpg\" alt=\"photo  travaux sur le r\u00e9seau fibre.  \u00a9  ouest-france \" loading=\"lazy\"\/><br \/>\n\t1<br \/>\n<\/a><\/p>\n<p class=\"elmt-legende\"> Travaux sur le r\u00e9seau fibre.  \u00a9  Ouest-France  <\/p>\n<p>\t\tCe n\u2019est pas un chantier ordinaire qui est en cours sur les quais de la place de la R\u00e9publique \u00e0 Rennes. Orange est en train d\u00e9placer 14\u00a0km de fibres optiques serpentant sous le bitume pour permettre de planter 184\u00a0arbres.<\/p>\n<p><b>Cet article est r\u00e9serv\u00e9 aux abonn\u00e9s<\/b><\/p>\n<p>Pour un acc\u00e8s imm\u00e9diat, abonnez-vous<\/p>\n<p><b>1er mois \u00e0 1\u20ac<\/b><\/p>\n<p>\t\t Samuel Nohra \u00a0\u00a0<br \/>\n\t\tOuest-France<\/p>\n<p>Retrouvez d&rsquo;autres actus sur la commune de :<\/p>\n","protected":false},"excerpt":{"rendered":"Contenu r\u00e9serv\u00e9 aux abonn\u00e9s Vendredi 04 septembre 2026 19:21 &#8230; 1 Travaux sur le r\u00e9seau fibre. \u00a9 Ouest-France&hellip;\n","protected":false},"author":2,"featured_media":1167994,"comment_status":"","ping_status":"","sticky":false,"template":"","format":"standard","meta":{"footnotes":"","_share_on_mastodon":"0"},"categories":[2821],"tags":[5659,120684,1111,11,3570,829,120683,1777,674,18212,1011,27,17714,12,120682,55,46694,3086,584,25],"class_list":["post-1167993","post","type-post","status-publish","format-standard","has-post-thumbnail","category-rennes","tag-5659","tag-120684","tag-actu","tag-actualites","tag-arbres","tag-bretagne","tag-deplacees","tag-eu","tag-europe","tag-fibres","tag-fr","tag-france","tag-km","tag-news","tag-optiques","tag-planter","tag-quais","tag-redon","tag-rennes","tag-republique-francaise"],"share_on_mastodon":{"url":"https:\/\/pubeurope.com\/@fr\/117215884059507051","error":""},"_links":{"self":[{"href":"https:\/\/www.europesays.com\/fr\/wp-json\/wp\/v2\/posts\/1167993","targetHints":{"allow":["GET"]}}],"collection":[{"href":"https:\/\/www.europesays.com\/fr\/wp-json\/wp\/v2\/posts"}],"about":[{"href":"https:\/\/www.europesays.com\/fr\/wp-json\/wp\/v2\/types\/post"}],"author":[{"embeddable":true,"href":"https:\/\/www.europesays.com\/fr\/wp-json\/wp\/v2\/users\/2"}],"replies":[{"embeddable":true,"href":"https:\/\/www.europesays.com\/fr\/wp-json\/wp\/v2\/comments?post=1167993"}],"version-history":[{"count":0,"href":"https:\/\/www.europesays.com\/fr\/wp-json\/wp\/v2\/posts\/1167993\/revisions"}],"wp:featuredmedia":[{"embeddable":true,"href":"https:\/\/www.europesays.com\/fr\/wp-json\/wp\/v2\/media\/1167994"}],"wp:attachment":[{"href":"https:\/\/www.europesays.com\/fr\/wp-json\/wp\/v2\/media?parent=1167993"}],"wp:term":[{"taxonomy":"category","embeddable":true,"href":"https:\/\/www.europesays.com\/fr\/wp-json\/wp\/v2\/categories?post=1167993"},{"taxonomy":"post_tag","embeddable":true,"href":"https:\/\/www.europesays.com\/fr\/wp-json\/wp\/v2\/tags?post=1167993"}],"curies":[{"name":"wp","href":"https:\/\/api.w.org\/{rel}","templated":true}]}}