{"id":1167995,"date":"2026-09-05T01:40:22","date_gmt":"2026-09-05T01:40:22","guid":{"rendered":"https:\/\/www.europesays.com\/fr\/1167995\/"},"modified":"2026-09-05T01:40:22","modified_gmt":"2026-09-05T01:40:22","slug":"toute-lactu-top-music-les-prochains-concerts-en-alsace-notre-selection","status":"publish","type":"post","link":"https:\/\/www.europesays.com\/fr\/1167995\/","title":{"rendered":"Toute l&rsquo;actu Top Music &#8211; Les prochains concerts en Alsace : notre s\u00e9lection !"},"content":{"rendered":"<p><img decoding=\"async\" class=\"\" style=\"width:100%\" src=\"https:\/\/www.europesays.com\/fr\/wp-content\/uploads\/2026\/09\/matt_pokora_tourn_e_20_ans1686027492653.jpg\" alt=\"M Pokora en concert \u00e0 Strasbourg\"\/><\/p>\n<p>M Pokora en concert \u00e0 Strasbourg<\/p>\n<p>Cr\u00e9dit : page Facebook Matt Pokora &#8211; @andre.dofficial<\/p>\n<p>La rentr\u00e9e musicale s\u2019annonce charg\u00e9e en Alsace. Du Z\u00e9nith de Strasbourg \u00e0 la Laiterie, en passant par l\u2019Espace Dollfus et Noack de Sausheim, de nombreux artistes viendront \u00e0 la rencontre du public dans les prochains mois. R\u00e9capitulatif des concerts \u00e0 ne pas manquer jusqu\u2019\u00e0 fin 2027. <\/p>\n<p style=\"font-weight: 400;\"><strong>Automne 2026 <\/strong><\/p>\n<p style=\"font-weight: 400;\">La saison d\u00e9butera le\u00a0<strong>10 octobre au Z\u00e9nith de Strasbourg<\/strong>\u00a0avec\u00a0<strong>M. Pokora<\/strong>, qui pr\u00e9sentera son\u00a0Adr\u00e9naline Tour. Le Strasbourgeois sera \u00e9galement \u00e0 l\u2019affiche du t\u00e9l\u00e9film\u00a0<strong>\u00ab Oradour \u00bb<\/strong>, diffus\u00e9 le\u00a0<strong>24 septembre \u00e0 21h sur TF1<\/strong>. Le\u00a0<strong>14 octobre<\/strong>, la Laiterie accueillera\u00a0<strong>Miki<\/strong>, jeune artiste \u00e9mergente qui d\u00e9veloppe son univers musical avec le titre Particule.<\/p>\n<p style=\"font-weight: 400;\">Le\u00a0<strong>17 octobre<\/strong>,\u00a0<strong>Christophe Ma\u00e9<\/strong>\u00a0retrouvera le public strasbourgeois au Z\u00e9nith. Connu pour ses succ\u00e8s\u00a0On s\u2019attache,\u00a0Il est o\u00f9 le bonheur\u00a0ou encore\u00a0J\u2019ai laiss\u00e9, avec son fameux \u00ab j\u2019avoue \u00bb devenu viral sur TikTok en d\u00e9but d\u2019ann\u00e9e, le concert affiche d\u00e9j\u00e0 complet. Le\u00a0<strong>20 octobre<\/strong>,\u00a0<strong>Orelsan<\/strong>\u00a0prendra le relais avec son\u00a0Tour 2026, entre rap, textes et humour.<\/p>\n<p style=\"font-weight: 400;\">En novembre,\u00a0<strong>Pierre de Maere<\/strong>\u00a0ouvrira le bal \u00e0 la Laiterie le\u00a0<strong>6 novembre<\/strong>. R\u00e9v\u00e9l\u00e9 avec\u00a0Un jour je marierai un ange, le chanteur belge sortira un nouvel album Ave de Maere juste avant cette date, le 25 septembre. Le\u00a0<strong>8 novembre<\/strong>, direction Sausheim pour\u00a0<strong>Linh<\/strong>, qui pr\u00e9sentera son premier album\u00a0La bo\u00eete \u00e0 musique, port\u00e9 notamment par\u00a0Je pense \u00e0 vous.<\/p>\n<p style=\"font-weight: 400;\">Le lendemain, le Z\u00e9nith accueillera\u00a0<strong>Hans Zimmer<\/strong>, le\u00a0<strong>9 novembre<\/strong>. Le c\u00e9l\u00e8bre compositeur fera vivre sur sc\u00e8ne certaines de ses musiques de films les plus marquantes. Le\u00a0<strong>10 novembre<\/strong>, place au rock avec\u00a0<strong>Deep Purple<\/strong>, figure historique du hard rock depuis les ann\u00e9es 1960, qui interpr\u00e9tera notamment l\u2019incontournable\u00a0Smoke on the Water.<\/p>\n<p style=\"font-weight: 400;\">La chanson fran\u00e7aise sera ensuite \u00e0 l\u2019honneur avec\u00a0<strong>Florent Pagny<\/strong>, attendu le\u00a0<strong>15 novembre au Z\u00e9nith<\/strong>, l\u00e0 encore \u00e0 guichets ferm\u00e9s. Le\u00a0<strong>17 novembre<\/strong>,\u00a0<strong>Gims<\/strong>\u00a0prendra le relais avec son\u00a0Carpe Diem Tour. Enfin, ce sera au tour de Bigflo<strong> &amp; Oli<\/strong>\u00a0le\u00a0<strong>18 d\u00e9cembre<\/strong>\u00a0avec leur\u00a0Karma Tour, qui accompagne le nouvel univers musical du duo toulousain.<\/p>\n<p style=\"font-weight: 400;\"><strong>Hiver 2027 <\/strong><\/p>\n<p style=\"font-weight: 400;\">L\u2019ann\u00e9e 2027 commencera avec\u00a0<strong>Les Enfoir\u00e9s<\/strong>, au Z\u00e9nith de Strasbourg du\u00a0<strong>13 au 18 janvier<\/strong>. La troupe donnera plusieurs repr\u00e9sentations au profit des Restos du C\u0153ur. La mise en vente des billets n\u2019est toutefois pas encore annonc\u00e9e.<\/p>\n<p style=\"font-weight: 400;\">Le\u00a0<strong>30 janvier<\/strong>, le public alsacien retrouvera\u00a0<strong>Claudio Cap\u00e9o<\/strong>\u00a0au Z\u00e9nith. Originaire de Cernay, le chanteur et accord\u00e9oniste s\u2019est impos\u00e9 dans la chanson fran\u00e7aise gr\u00e2ce notamment au succ\u00e8s d\u2019Un homme debout. Le\u00a0<strong>27 f\u00e9vrier<\/strong>,\u00a0<strong>Ambre<\/strong>, r\u00e9v\u00e9l\u00e9e dans\u00a0la Star Academy, se produira \u00e0 l\u2019Espace Dollfus et Noack de Sausheim pour une nouvelle \u00e9tape de sa carri\u00e8re.<\/p>\n<p style=\"font-weight: 400;\">Le rap reviendra ensuite avec\u00a0<strong>Ninho<\/strong>, attendu le\u00a0<strong>7 mars au Z\u00e9nith<\/strong>\u00a0pour son\u00a0Quattro Tour, au cours duquel il interpr\u00e9tera son nouvel album\u00a0M.I.L.S 4. Le\u00a0<strong>19 mars<\/strong>,\u00a0<strong>Zazie<\/strong>\u00a0prendra la direction de Sausheim. L\u2019interpr\u00e8te de\u00a0Je suis un homme\u00a0doit sortir son nouvel album\u00a0Volatil\u00a0le\u00a0<strong>2 octobre<\/strong>.<\/p>\n<p style=\"font-weight: 400;\">Le printemps se poursuivra avec\u00a0<strong>Tayc<\/strong>, le\u00a0<strong>27 mars au Z\u00e9nith<\/strong>, dans le cadre de son\u00a0Joya Tour, du nom de son album sorti en mai. Le\u00a0<strong>1er avril<\/strong>, changement de registre avec\u00a0<strong>Grand Corps Malade<\/strong>, qui pr\u00e9sentera ses textes entre slam et chanson fran\u00e7aise, ainsi que son nouvel album\u00a0Voir la mer, attendu le\u00a0<strong>18 septembre<\/strong>\u00a0et sur lequel il partagera notamment un titre avec SDM. La laiterie accueillera Ad\u00e8le Castillon, ancienne membre du groupe Vid\u00e9o Club et autrice du morceau \u00c9t\u00e9 avec toi, le 8 avril.<\/p>\n<p style=\"font-weight: 400;\">Enfin, le\u00a0<strong>15 avril<\/strong>,\u00a0<strong>Mosimann<\/strong>\u00a0fera danser le Z\u00e9nith avec son\u00a0Dream Tour. DJ, producteur, chanteur et musicien, il est notamment connu pour ses performances live m\u00ealant musique \u00e9lectronique et instruments.<\/p>\n<p style=\"font-weight: 400;\"><strong>Automne 2027 <\/strong><\/p>\n<p style=\"font-weight: 400;\">La rentr\u00e9e 2027 sera marqu\u00e9e par le retour d\u2019<strong>Ang\u00e8le<\/strong>, qui se produira au Z\u00e9nith de Strasbourg le\u00a0<strong>28 septembre<\/strong>\u00a0avec son\u00a0Instinct Tour, en lien avec son nouvel album du m\u00eame nom, attendu le\u00a0<strong>16 octobre<\/strong>. Les places pour cette date ne sont pas encore mises en vente.<\/p>\n<p style=\"font-weight: 400;\">Le\u00a0<strong>17 novembre<\/strong>,\u00a0<strong>Vianney<\/strong>\u00a0fera ensuite escale \u00e0 Strasbourg dans le cadre de sa tourn\u00e9e. Le chanteur a r\u00e9cemment d\u00e9voil\u00e9\u00a0un nouveau morceau\u00a0: D\u2019or et d\u2019\u00e9tain, sorti le\u00a0<strong>28 ao\u00fbt 2026<\/strong>.<\/p>\n<p style=\"font-weight: 400;\">Enfin,\u00a0<strong>Patrick Fiori<\/strong>\u00a0cl\u00f4turera cette programmation le\u00a0<strong>3 d\u00e9cembre 2027 au Z\u00e9nith<\/strong>. En attendant son concert, il sera sur nos t\u00e9l\u00e9visions les\u00a0<strong>4 et 5 d\u00e9cembre 2026<\/strong>\u00a0pour la\u00a0<strong>40e \u00e9dition du T\u00e9l\u00e9thon<\/strong>, diffus\u00e9e sur les cha\u00eenes de France T\u00e9l\u00e9visions.<\/p>\n<p>Publi\u00e9 : 4 septembre 2026 \u00e0 14h54 &#8211; Modifi\u00e9 : 4 septembre 2026 \u00e0 15h03 <img decoding=\"async\" style=\"height:80px;max-width:unset;border-radius:8px\" src=\"https:\/\/www.europesays.com\/fr\/wp-content\/uploads\/2026\/04\/hRaHDmZXAW.png\"\/><\/p>\n<p>Martin  Antoine  &#8211; Directeur de l&rsquo;information<\/p>\n<p>Natif de Metz ( et oui \u00e7a arrive !), Martin ANTOINE est pass\u00e9 par la Normandie et Paris avant de rejoindre l&rsquo;Alsace. Form\u00e9 dans une \u00e9cole de journalisme de la capitale, il a commenc\u00e9 par la radio avant de collaborer avec plusieurs titres de presse \u00e9crite. Martin a rejoint Top Music en 2021 pour pr\u00e9senter les flashs de la matinale dans \u00ab\u00a0On est Tous Debout\u00a0\u00bb. Une \u00e9mission \u00e0 laquelle il participe chaque matin. Depuis ao\u00fbt 2024, Martin est \u00e9galement le Directeur de l&rsquo;Information de la radio. <\/p>\n","protected":false},"excerpt":{"rendered":"M Pokora en concert \u00e0 Strasbourg Cr\u00e9dit : page Facebook Matt Pokora &#8211; @andre.dofficial La rentr\u00e9e musicale s\u2019annonce&hellip;\n","protected":false},"author":2,"featured_media":1167996,"comment_status":"","ping_status":"","sticky":false,"template":"","format":"standard","meta":{"footnotes":"","_share_on_mastodon":"0"},"categories":[2820],"tags":[1111,11,2389,10751,2649,59178,1697,1777,674,1011,27,13444,775,1637,29236,10824,93352,12,25,19160,640,14610],"class_list":["post-1167995","post","type-post","status-publish","format-standard","has-post-thumbnail","category-strasbourg","tag-actu","tag-actualites","tag-alsace","tag-angele","tag-bas-rhin","tag-christophe-mae","tag-concert","tag-eu","tag-europe","tag-fr","tag-france","tag-gims","tag-grand-est","tag-haut-rhin","tag-laiterie","tag-m-pokora","tag-mosimann","tag-news","tag-republique-francaise","tag-sausheim","tag-strasbourg","tag-zenith-de-strasbourg"],"share_on_mastodon":{"url":"","error":""},"_links":{"self":[{"href":"https:\/\/www.europesays.com\/fr\/wp-json\/wp\/v2\/posts\/1167995","targetHints":{"allow":["GET"]}}],"collection":[{"href":"https:\/\/www.europesays.com\/fr\/wp-json\/wp\/v2\/posts"}],"about":[{"href":"https:\/\/www.europesays.com\/fr\/wp-json\/wp\/v2\/types\/post"}],"author":[{"embeddable":true,"href":"https:\/\/www.europesays.com\/fr\/wp-json\/wp\/v2\/users\/2"}],"replies":[{"embeddable":true,"href":"https:\/\/www.europesays.com\/fr\/wp-json\/wp\/v2\/comments?post=1167995"}],"version-history":[{"count":0,"href":"https:\/\/www.europesays.com\/fr\/wp-json\/wp\/v2\/posts\/1167995\/revisions"}],"wp:featuredmedia":[{"embeddable":true,"href":"https:\/\/www.europesays.com\/fr\/wp-json\/wp\/v2\/media\/1167996"}],"wp:attachment":[{"href":"https:\/\/www.europesays.com\/fr\/wp-json\/wp\/v2\/media?parent=1167995"}],"wp:term":[{"taxonomy":"category","embeddable":true,"href":"https:\/\/www.europesays.com\/fr\/wp-json\/wp\/v2\/categories?post=1167995"},{"taxonomy":"post_tag","embeddable":true,"href":"https:\/\/www.europesays.com\/fr\/wp-json\/wp\/v2\/tags?post=1167995"}],"curies":[{"name":"wp","href":"https:\/\/api.w.org\/{rel}","templated":true}]}}