{"id":116801,"date":"2025-05-21T12:03:09","date_gmt":"2025-05-21T12:03:09","guid":{"rendered":"https:\/\/www.europesays.com\/fr\/116801\/"},"modified":"2025-05-21T12:03:09","modified_gmt":"2025-05-21T12:03:09","slug":"un-commercant-menace-dextorsion-par-des-membres-presumes-de-la-dz-mafia-lui-reclamant-200-000-euros","status":"publish","type":"post","link":"https:\/\/www.europesays.com\/fr\/116801\/","title":{"rendered":"un commer\u00e7ant menac\u00e9 d\u2019extorsion par des membres pr\u00e9sum\u00e9s de la DZ Mafia lui r\u00e9clamant 200.000 euros"},"content":{"rendered":"<p>Un ex-associ\u00e9, qui l\u2019a d\u00e9j\u00e0 menac\u00e9, se serait accord\u00e9 les services du gang criminel pour \u00abplacer un contrat sur sa t\u00eate\u00bb. Deux personnes ont \u00e9t\u00e9 plac\u00e9es en garde \u00e0 vue.<\/p>\n<p class=\"fig-paragraph\">Une nouvelle affaire d\u2019<a href=\"http:\/\/www.lefigaro.fr\/marseille\/c-est-quelque-chose-qu-on-ne-voyait-plus-a-marseille-de-violents-racketteurs-plonge-les-commerces-dans-la-terreur-20241128\" data-fig-type=\"NewsFlash\" data-gtm-custom-categorie=\"navigation\" data-gtm-custom-action=\"crossclick\" data-gtm-custom-label=\"Contextuel\" data-gtm-event=\"customEventSPE\" data-fig-domain=\"LEFIGARO\" rel=\"nofollow noopener\" target=\"_blank\">extorsion sur un commerce<\/a>\u00a0perp\u00e9tr\u00e9e par la\u00a0<a href=\"http:\/\/www.lefigaro.fr\/actualite-france\/attaques-de-prisons-eliminations-sanglantes-la-dz-mafia-ce-gang-de-narcotrafiquants-sans-limite-qui-defie-l-etat-20250502\" data-fig-type=\"Article\" data-gtm-custom-categorie=\"navigation\" data-gtm-custom-action=\"crossclick\" data-gtm-custom-label=\"Contextuel\" data-gtm-event=\"customEventSPE\" data-fig-domain=\"LEFIGARO\" rel=\"nofollow noopener\" target=\"_blank\">DZ Mafia<\/a>\u00a0\u00e0 Marseille\u00a0? Les \u00abservices\u00bb du gang criminel auraient \u00e9t\u00e9 requis par l\u2019ex-associ\u00e9 d\u2019une enseigne du centre-ville, son propri\u00e9taire se retrouvant m\u00eame sous la menace de \u00absoldats\u00bb de l\u2019organisation qui se seraient approch\u00e9s de son propre domicile.<\/p>\n<p class=\"fig-paragraph\">Comme indiqu\u00e9 au Figaro par une source proche du dossier, qui confirme une information initiale de\u00a0<a href=\"https:\/\/www.valeursactuelles.com\/regions\/provence-alpes-cote-dazur\/bouches-du-rhone\/marseille\/faits-divers\/info-va-marseille-un-commercant-menace-jusqua-son-domicile-par-la-dz-mafia\" target=\"_blank\" rel=\"nofollow noopener\" data-gtm-custom-categorie=\"navigation\" data-gtm-custom-action=\"crossclick\" data-gtm-custom-label=\"Contextuel\" data-gtm-event=\"customEventSPE\">Valeurs actuelles<\/a>, plusieurs individus au comportement suspect ont \u00e9t\u00e9 aper\u00e7us en train de r\u00f4der en voiture autour du domicile de la victime lundi dans la soir\u00e9e. Ce dernier a indiqu\u00e9 \u00e0 l\u2019\u00e9quipage de la brigade anticriminalit\u00e9 d\u00e9p\u00each\u00e9 sur place qu\u2019il \u00e9tait d\u00e9j\u00e0 sous la menace d\u2019un ex-associ\u00e9 qui cherchait \u00e0 lui soutirer 200.000 euros. Cet homme, d\u00e9j\u00e0 connu pour des faits de trafic de cigarettes, aurait ensuite tent\u00e9 de s\u2019emparer des cl\u00e9s de son enseigne avant de faire appel \u00e0 la DZ Mafia.<\/p>\n<p>Deux gardes \u00e0 vue en cours<\/p>\n<p class=\"fig-paragraph\">Un \u00ab<a href=\"http:\/\/www.lefigaro.fr\/marseille\/contrat-sur-un-responsable-de-la-prison-des-baumettes-trois-personnes-mises-en-examen-20250314\" data-fig-type=\"NewsFlash\" data-gtm-custom-categorie=\"navigation\" data-gtm-custom-action=\"crossclick\" data-gtm-custom-label=\"Contextuel\" data-gtm-event=\"customEventSPE\" data-fig-domain=\"LEFIGARO\" rel=\"nofollow noopener\" target=\"_blank\">contrat<\/a> \u00bb aurait ensuite \u00e9t\u00e9 \u00e9mis \u00absur la t\u00eate\u00bb du commer\u00e7ant, qui a d\u00e9pos\u00e9 plainte pour des faits de tentative d\u2019extorsion et de menaces de mort. Contact\u00e9, le parquet de Marseille a confirm\u00e9 au Figaro avoir ouvert une enqu\u00eate de flagrance. Deux personnes ont \u00e9t\u00e9 plac\u00e9es en garde \u00e0 vue, mais les r\u00f4deurs n\u2019ont pas \u00e9t\u00e9 retrouv\u00e9s par les forces de l\u2019ordre.<\/p>\n<p class=\"fig-paragraph\">En fin d\u2019ann\u00e9e derni\u00e8re, des dizaines de commerces phoc\u00e9ens et des Bouches-du-Rh\u00f4ne s\u2019\u00e9taient retrouv\u00e9s sous la menace de racketteurs compulsifs mena\u00e7ant g\u00e9rants et salari\u00e9s pour tenter d\u2019obtenir une ran\u00e7on en \u00e9change de leur \u00abprotection\u00bb forc\u00e9e.\u00a0<a href=\"http:\/\/www.lefigaro.fr\/marseille\/dz-mafia-vague-d-interpellations-au-sein-du-gang-criminel-marseillais-soupconne-de-multiples-extorsions-20241121\" data-fig-type=\"NewsFlash\" data-gtm-custom-categorie=\"navigation\" data-gtm-custom-action=\"crossclick\" data-gtm-custom-label=\"Contextuel\" data-gtm-event=\"customEventSPE\" data-fig-domain=\"LEFIGARO\" rel=\"nofollow noopener\" target=\"_blank\">Plusieurs membres de la DZ Mafia suspect\u00e9s d\u2019avoir particip\u00e9 \u00e0 ces raids<\/a>\u00a0avaient \u00e9t\u00e9 interpell\u00e9s au mois de novembre pour des faits d\u2019extorsion en bande organis\u00e9e.<\/p>\n","protected":false},"excerpt":{"rendered":"Un ex-associ\u00e9, qui l\u2019a d\u00e9j\u00e0 menac\u00e9, se serait accord\u00e9 les services du gang criminel pour \u00abplacer un contrat&hellip;\n","protected":false},"author":2,"featured_media":116802,"comment_status":"","ping_status":"","sticky":false,"template":"","format":"standard","meta":{"footnotes":""},"categories":[2814],"tags":[1111,11,885,1182,1180,1181,215,1777,674,1011,27,1184,1185,884,12,1177,1176,149,1186,882,10439,25,1178,1183,1179],"class_list":{"0":"post-116801","1":"post","2":"type-post","3":"status-publish","4":"format-standard","5":"has-post-thumbnail","7":"category-marseille","8":"tag-actu","9":"tag-actualites","10":"tag-bouches-du-rhone","11":"tag-calanques","12":"tag-canebiere","13":"tag-cite-phoceenne","14":"tag-commerce","15":"tag-eu","16":"tag-europe","17":"tag-fr","18":"tag-france","19":"tag-la-timone","20":"tag-les-baumettes-mediterranee","21":"tag-marseille","22":"tag-news","23":"tag-notre-dame-de-la-garde","24":"tag-olympique-de-marseille","25":"tag-om","26":"tag-provence","27":"tag-provence-alpes-cote-dazur","28":"tag-racket","29":"tag-republique-francaise","30":"tag-saint-charles","31":"tag-sormiou","32":"tag-vieux-port"},"share_on_mastodon":{"url":"https:\/\/pubeurope.com\/@fr\/114545728095546527","error":""},"_links":{"self":[{"href":"https:\/\/www.europesays.com\/fr\/wp-json\/wp\/v2\/posts\/116801","targetHints":{"allow":["GET"]}}],"collection":[{"href":"https:\/\/www.europesays.com\/fr\/wp-json\/wp\/v2\/posts"}],"about":[{"href":"https:\/\/www.europesays.com\/fr\/wp-json\/wp\/v2\/types\/post"}],"author":[{"embeddable":true,"href":"https:\/\/www.europesays.com\/fr\/wp-json\/wp\/v2\/users\/2"}],"replies":[{"embeddable":true,"href":"https:\/\/www.europesays.com\/fr\/wp-json\/wp\/v2\/comments?post=116801"}],"version-history":[{"count":0,"href":"https:\/\/www.europesays.com\/fr\/wp-json\/wp\/v2\/posts\/116801\/revisions"}],"wp:featuredmedia":[{"embeddable":true,"href":"https:\/\/www.europesays.com\/fr\/wp-json\/wp\/v2\/media\/116802"}],"wp:attachment":[{"href":"https:\/\/www.europesays.com\/fr\/wp-json\/wp\/v2\/media?parent=116801"}],"wp:term":[{"taxonomy":"category","embeddable":true,"href":"https:\/\/www.europesays.com\/fr\/wp-json\/wp\/v2\/categories?post=116801"},{"taxonomy":"post_tag","embeddable":true,"href":"https:\/\/www.europesays.com\/fr\/wp-json\/wp\/v2\/tags?post=116801"}],"curies":[{"name":"wp","href":"https:\/\/api.w.org\/{rel}","templated":true}]}}