{"id":1168011,"date":"2026-09-05T01:51:16","date_gmt":"2026-09-05T01:51:16","guid":{"rendered":"https:\/\/www.europesays.com\/fr\/1168011\/"},"modified":"2026-09-05T01:51:16","modified_gmt":"2026-09-05T01:51:16","slug":"il-se-droguait-pour-sintegrer-dans-ce-milieu-le-parcours-dun-gros-consommateur-devenu-dealer-dans-le-milieu-chemsex-toulousain","status":"publish","type":"post","link":"https:\/\/www.europesays.com\/fr\/1168011\/","title":{"rendered":"\u00ab\u00a0Il se droguait pour s\u2019int\u00e9grer dans ce milieu\u00a0\u00bb : le parcours d\u2019un gros consommateur devenu dealer dans le milieu chemsex toulousain"},"content":{"rendered":"<p>\n                                                                    l&rsquo;essentiel<br \/>\n                                                                Trois mois apr\u00e8s le premier proc\u00e8s, un autre homme impliqu\u00e9 dans un trafic de drogues de synth\u00e8se a \u00e9t\u00e9 jug\u00e9 \u00e0 Toulouse, ce jeudi 3 septembre. Tr\u00e8s gros consommateur, il revendait entre 2022 et 2024 \u00e0 des amis et connaissances.\n                            <\/p>\n<p>Il a longtemps v\u00e9cu cach\u00e9. La cinquantaine, Abdelkader explique avoir compris tardivement son homosexualit\u00e9. Il avait d\u00e9j\u00e0 sa femme, ses enfants. Avant de chercher sa place dans un milieu o\u00f9 les drogues ont rapidement pris une importance consid\u00e9rable. Il consomme beaucoup, puis revend. De 2022 \u00e0 2024, il alimente \u00e0 son tour un cercle de connaissances et d\u2019amis.<\/p>\n<p>Trois mois apr\u00e8s le proc\u00e8s de plusieurs membres de la m\u00eame \u00e9quipe, cet homme a \u00e9t\u00e9 jug\u00e9 jeudi devant le tribunal correctionnel de Toulouse. Le dossier raconte, une nouvelle fois, un trafic \u00e9troitement m\u00eal\u00e9 \u00e0 la consommation : des produits achet\u00e9s pour soi, puis pour les autres, jusqu\u2019\u00e0 devenir un fournisseur identifi\u00e9 dans son entourage. La r\u00e9putation s\u2019installe et les ventes se multiplient. Les enqu\u00eateurs \u00e9valuent \u00e0 environ 50 000 euros les sommes tir\u00e9es de cette activit\u00e9.<\/p>\n<p class=\"std-elt__inline\">\n        <strong>\u00c0 lire aussi :<\/strong><br \/>\n        <a href=\"https:\/\/www.ladepeche.fr\/2026\/06\/05\/on-banalise-totalement-des-aveux-genes-devant-la-justice-qui-a-plonge-dans-les-soirees-homosexuelles-chemsex-avec-trois-dealers-qui-consomment-autant-13404701.php\" rel=\"nofollow noopener\" target=\"_blank\">\u00ab\u00a0On banalise totalement&#8230;\u00a0\u00bb Des aveux g\u00ean\u00e9s devant la justice qui a plong\u00e9 dans les soir\u00e9es homosexuelles \u00ab\u00a0chemsex\u00a0\u00bb avec trois dealers qui consomment autant qu\u2019ils vendent<\/a>\n    <\/p>\n<p>Pour Me Johana Abraham, son avocate, ces chiffres ne racontent pourtant pas la vie d\u2019un trafiquant ayant profit\u00e9 de son commerce. \u00ab\u00a0Il a eu la belle vie ? Non. Il se droguait pour s\u2019int\u00e9grer dans ce milieu. En dealant, il s\u2019achetait aussi des amis\u00a0\u00bb, r\u00e9sume l\u2019avocate.<\/p>\n<p>\u00ab\u00a0Il faut l&rsquo;accompagner\u00a0\u00bb<\/p>\n<p>Un accident vasculaire c\u00e9r\u00e9bral marque une rupture. L\u2019homme cesse de vendre en 2024. Il est quand m\u00eame interpell\u00e9 deux ans plus tard. Certains membres de cette \u00e9quipe ont continu\u00e9 \u00e0 vendre ces produits. Lui avait commenc\u00e9 des soins pour ses addictions et trouv\u00e9 un travail.<\/p>\n<p>Des \u00e9l\u00e9ments qui ne suffisent pas \u00e0 faire oublier au minist\u00e8re public la \u00ab\u00a0gravit\u00e9 des faits\u00a0\u00bb. Il requiert trois ans de prison, dont deux assortis d\u2019un sursis, avec une ann\u00e9e ferme pouvant \u00eatre ex\u00e9cut\u00e9e sous bracelet \u00e9lectronique et r\u00e9clame \u00e9galement 10 000 euros d\u2019amende.<\/p>\n<p>La d\u00e9fense poss\u00e8de sa lecture : Abdelkader a chang\u00e9, durablement. Me Abraham demande une peine compatible avec cette \u00e9volution. L&rsquo;avocate estime qu\u2019une incarc\u00e9ration ne serait pas adapt\u00e9e et insiste sur la n\u00e9cessit\u00e9 de poursuivre les soins et de pr\u00e9server son insertion professionnelle. \u00ab\u00a0Il faut l\u2019accompagner\u00a0\u00bb, soutient-elle.<\/p>\n<p>Le tribunal prononce finalement une peine de deux ans de prison, dont un an ferme am\u00e9nag\u00e9 sous bracelet \u00e9lectronique, ainsi que 3 000 euros d\u2019amende.<\/p>\n","protected":false},"excerpt":{"rendered":"l&rsquo;essentiel Trois mois apr\u00e8s le premier proc\u00e8s, un autre homme impliqu\u00e9 dans un trafic de drogues de synth\u00e8se&hellip;\n","protected":false},"author":2,"featured_media":1168012,"comment_status":"","ping_status":"","sticky":false,"template":"","format":"standard","meta":{"footnotes":"","_share_on_mastodon":"0"},"categories":[2816],"tags":[1111,11,1777,674,1011,27,2722,303,12,2680,25,104,2312],"class_list":["post-1168011","post","type-post","status-publish","format-standard","has-post-thumbnail","category-toulouse","tag-actu","tag-actualites","tag-eu","tag-europe","tag-fr","tag-france","tag-haute-garonne","tag-justice","tag-news","tag-occitanie","tag-republique-francaise","tag-societe","tag-toulouse"],"share_on_mastodon":{"url":"https:\/\/pubeurope.com\/@fr\/117215932454401140","error":""},"_links":{"self":[{"href":"https:\/\/www.europesays.com\/fr\/wp-json\/wp\/v2\/posts\/1168011","targetHints":{"allow":["GET"]}}],"collection":[{"href":"https:\/\/www.europesays.com\/fr\/wp-json\/wp\/v2\/posts"}],"about":[{"href":"https:\/\/www.europesays.com\/fr\/wp-json\/wp\/v2\/types\/post"}],"author":[{"embeddable":true,"href":"https:\/\/www.europesays.com\/fr\/wp-json\/wp\/v2\/users\/2"}],"replies":[{"embeddable":true,"href":"https:\/\/www.europesays.com\/fr\/wp-json\/wp\/v2\/comments?post=1168011"}],"version-history":[{"count":0,"href":"https:\/\/www.europesays.com\/fr\/wp-json\/wp\/v2\/posts\/1168011\/revisions"}],"wp:featuredmedia":[{"embeddable":true,"href":"https:\/\/www.europesays.com\/fr\/wp-json\/wp\/v2\/media\/1168012"}],"wp:attachment":[{"href":"https:\/\/www.europesays.com\/fr\/wp-json\/wp\/v2\/media?parent=1168011"}],"wp:term":[{"taxonomy":"category","embeddable":true,"href":"https:\/\/www.europesays.com\/fr\/wp-json\/wp\/v2\/categories?post=1168011"},{"taxonomy":"post_tag","embeddable":true,"href":"https:\/\/www.europesays.com\/fr\/wp-json\/wp\/v2\/tags?post=1168011"}],"curies":[{"name":"wp","href":"https:\/\/api.w.org\/{rel}","templated":true}]}}