{"id":1168019,"date":"2026-09-05T01:56:08","date_gmt":"2026-09-05T01:56:08","guid":{"rendered":"https:\/\/www.europesays.com\/fr\/1168019\/"},"modified":"2026-09-05T01:56:08","modified_gmt":"2026-09-05T01:56:08","slug":"alizee-sur-la-scene-du-cepac-silo-a-marseille-il-y-a-25-ans-deja-sortait-moi-lolita","status":"publish","type":"post","link":"https:\/\/www.europesays.com\/fr\/1168019\/","title":{"rendered":"Aliz\u00e9e sur la sc\u00e8ne du Cepac Silo \u00e0 Marseille : il y a \u00ab\u00a025\u00a0ans d\u00e9j\u00e0\u00a0\u00bb sortait \u00ab\u00a0Moi\u2026 Lolita\u00a0\u00bb"},"content":{"rendered":"<p>Question pour un champion. Elle a \u00e9t\u00e9 la prot\u00e9g\u00e9e de <a href=\"https:\/\/www.laprovence.com\/article\/sortie-loisirs\/1050821879017616\/mylene-farmer-la-trajectoire-unique-dune-artiste-totale\" target=\"_self\" rel=\"nofollow noopener\">Myl\u00e8ne Farmer<\/a>, chant\u00e9 J\u2019en ai marre et Julien Dor\u00e9 a repris son tube iconique. Pour ceux qui n\u2019ont pas la \u00ab\u00a0ref\u00a0\u00bb et surtout pour ceux qui veulent replonger dans ses tubes des ann\u00e9es 2000, la chanteuse Aliz\u00e9e remonte sur sc\u00e8ne pour c\u00e9l\u00e9brer les 25 ans de Moi\u2026 Lolita. Intitul\u00e9e 25\u00a0ans d\u00e9j\u00e0, la tourn\u00e9e de huit dates d\u00e9marre le 5 septembre 2026 \u00e0 Ajaccio avant de remonter, sc\u00e8ne apr\u00e8s sc\u00e8ne, vers le Nord. Le 10 septembre, la pop star s\u2019arr\u00eate \u00e0 <a href=\"https:\/\/www.laprovence.com\/\" target=\"_self\" rel=\"nofollow noopener\">Marseille<\/a>, au <a href=\"https:\/\/www.laprovence.com\/article\/region\/76340321009469\/marseille-le-silo-d-arenc-a-la-joliette-d-ancien-silo-a-grains-a-salle-de-concert\" target=\"_self\" rel=\"nofollow noopener\">Silo<\/a>, pour r\u00e9veiller les cordes vocales de ses fans.<\/p>\n<p>\u00ab\u00a0Moi\u2026 Lolita\u00a0\u00bb, num\u00e9ro un dans 22 pays<\/p>\n<p>Aliz\u00e9e appara\u00eet au public \u00e0 15 ans dans l\u2019\u00e9mission de t\u00e9l\u00e9vision de M6, Graines de star. Elle est rep\u00e9r\u00e9e par Myl\u00e8ne Farmer qui la prend sous son aile et \u00e9crit, sur les compositions de Laurent Boutonnat, ses deux premiers albums, et notamment le fameux titre\u00a0: Moi\u2026 Lolita. La chanson est un succ\u00e8s qui d\u00e9passe les fronti\u00e8res. \u00ab\u00a0\u00c7a a \u00e9t\u00e9 un raz-de-mar\u00e9e, j\u2019ai \u00e9t\u00e9 num\u00e9ro un dans 22 pays. C\u2019\u00e9tait le d\u00e9but de tout et c\u2019est gr\u00e2ce \u00e0 cette chanson que j\u2019ai pu faire tout ce que je voulais\u00a0\u00bb, confie-t-elle. Russie, Allemagne, Autriche, Pologne, le son en nappes de synth\u00e9 r\u00e9sonne \u00e0 l\u2019international. Il se&#8230;<\/p>\n","protected":false},"excerpt":{"rendered":"Question pour un champion. Elle a \u00e9t\u00e9 la prot\u00e9g\u00e9e de Myl\u00e8ne Farmer, chant\u00e9 J\u2019en ai marre et Julien&hellip;\n","protected":false},"author":2,"featured_media":1168020,"comment_status":"","ping_status":"","sticky":false,"template":"","format":"standard","meta":{"footnotes":"","_share_on_mastodon":"0"},"categories":[2814],"tags":[5734,72681,1111,11,21748,11794,251,1777,674,1011,27,884,12,882,25,7347,11795,3356],"class_list":["post-1168019","post","type-post","status-publish","format-standard","has-post-thumbnail","category-marseille","tag-5734","tag-25-ans","tag-actu","tag-actualites","tag-alizee","tag-cepac","tag-culture","tag-eu","tag-europe","tag-fr","tag-france","tag-marseille","tag-news","tag-provence-alpes-cote-dazur","tag-republique-francaise","tag-scene","tag-silo","tag-sur"],"share_on_mastodon":{"url":"https:\/\/pubeurope.com\/@fr\/117215952076402426","error":""},"_links":{"self":[{"href":"https:\/\/www.europesays.com\/fr\/wp-json\/wp\/v2\/posts\/1168019","targetHints":{"allow":["GET"]}}],"collection":[{"href":"https:\/\/www.europesays.com\/fr\/wp-json\/wp\/v2\/posts"}],"about":[{"href":"https:\/\/www.europesays.com\/fr\/wp-json\/wp\/v2\/types\/post"}],"author":[{"embeddable":true,"href":"https:\/\/www.europesays.com\/fr\/wp-json\/wp\/v2\/users\/2"}],"replies":[{"embeddable":true,"href":"https:\/\/www.europesays.com\/fr\/wp-json\/wp\/v2\/comments?post=1168019"}],"version-history":[{"count":0,"href":"https:\/\/www.europesays.com\/fr\/wp-json\/wp\/v2\/posts\/1168019\/revisions"}],"wp:featuredmedia":[{"embeddable":true,"href":"https:\/\/www.europesays.com\/fr\/wp-json\/wp\/v2\/media\/1168020"}],"wp:attachment":[{"href":"https:\/\/www.europesays.com\/fr\/wp-json\/wp\/v2\/media?parent=1168019"}],"wp:term":[{"taxonomy":"category","embeddable":true,"href":"https:\/\/www.europesays.com\/fr\/wp-json\/wp\/v2\/categories?post=1168019"},{"taxonomy":"post_tag","embeddable":true,"href":"https:\/\/www.europesays.com\/fr\/wp-json\/wp\/v2\/tags?post=1168019"}],"curies":[{"name":"wp","href":"https:\/\/api.w.org\/{rel}","templated":true}]}}