{"id":1168029,"date":"2026-09-05T02:02:17","date_gmt":"2026-09-05T02:02:17","guid":{"rendered":"https:\/\/www.europesays.com\/fr\/1168029\/"},"modified":"2026-09-05T02:02:17","modified_gmt":"2026-09-05T02:02:17","slug":"manuels-scolaires-gratuits-en-ile-de-france-ca-se-complique-pour-valerie-pecresse-devant-la-justice","status":"publish","type":"post","link":"https:\/\/www.europesays.com\/fr\/1168029\/","title":{"rendered":"Manuels scolaires gratuits en \u00cele-de-France : \u00e7a se complique pour Val\u00e9rie P\u00e9cresse devant la justice"},"content":{"rendered":"<p>                    Par<br \/>\n        <strong><br \/>\n            <a href=\"https:\/\/actu.fr\/auteur\/thomas-martin\" title=\"Consulter tous les articles de Thomas Martin\" rel=\"nofollow noopener\" target=\"_blank\">Thomas Martin<\/a><br \/>\n                    <\/strong><\/p>\n<p>        Publi\u00e9 le<\/p>\n<p>            4 sept. 2026 \u00e0 16h25        <\/p>\n<p>Une affaire qui semble mal embarqu\u00e9e\u2026La R\u00e9gion Ile-de-France a d\u00e9fendu ce vendredi 4 septembre devant la justice les manuels scolaires num\u00e9riques \u00ab\u00a0libres\u00a0\u00bb qu\u2019elle \u00e9dite sur une plateforme, estimant que le retrait de ces contenus au 30 septembre handicaperait les enseignants et lyc\u00e9ens qui les utilisent, ce que contestent les \u00e9diteurs priv\u00e9s qui ont engag\u00e9 une proc\u00e9dure.<\/p>\n<p class=\" wall-content\">Lors de l\u2019audience devant la cour administrative d\u2019appel de Paris, le rapporteur public a donn\u00e9 tort au conseil r\u00e9gional sur le fond, jugeant que l\u2019\u00e9dition de manuels par la collectivit\u00e9 ne r\u00e9pondait pas \u00e0 un int\u00e9r\u00eat public. Mais il a pr\u00e9conis\u00e9 le report de la suppression des manuels au 3 juillet 2027.<\/p>\n<p>Col\u00e8re des \u00e9diteurs face \u00e0 une \u00ab\u00a0concurrence d\u00e9loyale\u00a0\u00bb<\/p>\n<p class=\" wall-content\">Depuis 2022, la R\u00e9gion dirig\u00e9e par <a href=\"https:\/\/actu.fr\/tag\/valerie-pecresse\" rel=\"nofollow noopener\" target=\"_blank\">Val\u00e9rie P\u00e9cresse<\/a> (LR) \u00e9dite et propose gratuitement aux lyc\u00e9es franciliens des manuels scolaires num\u00e9riques, pr\u00e9sent\u00e9s comme \u00ab\u00a0libres\u00a0\u00bb et modifiables par les enseignants via une plateforme en ligne, Pearltrees. L\u2019initiative a suscit\u00e9 l\u2019opposition d\u2019\u00e9diteurs priv\u00e9s qui, via leur association Les \u00e9diteurs d\u2019\u00e9ducation, ont d\u00e9nonc\u00e9 une concurrence d\u00e9loyale. Le <a href=\"https:\/\/actu.fr\/tag\/tribunal-administratif-de-montreuil\" rel=\"nofollow noopener\" target=\"_blank\">tribunal administratif de Montreuil<\/a> leur a donn\u00e9 raison le 26 mai, et a enjoint \u00e0 la R\u00e9gion de retirer ces manuels au 30 septembre.<\/p>\n<p class=\" wall-content\">La R\u00e9gion a fait appel de la d\u00e9cision et a d\u00e9pos\u00e9 parall\u00e8lement une requ\u00eate en suspension, examin\u00e9e vendredi.<\/p>\n<p class=\" wall-content\">Le rapporteur public a estim\u00e9 que leur retrait au 30 septembre risquerait de priver des enseignants et des \u00e9l\u00e8ves de leurs manuels, mais a relev\u00e9 que cette situation \u00e9tait \u00ab\u00a0en partie li\u00e9e\u00a0\u00bb au \u00ab\u00a0comportement\u00a0\u00bb de la R\u00e9gion, qui n\u2019a pas \u00ab\u00a0anticip\u00e9\u00a0\u00bb.<\/p>\n<p>Quelles cons\u00e9quences pour les enseignants ?\u00a0<\/p>\n<p class=\" wall-content\">L\u2019avocate de la R\u00e9gion, Me Elise Humbert, a reconnu que la collectivit\u00e9 n\u2019avait pas pr\u00e9venu les enseignants du possible retrait des manuels, pour \u00e9viter de cr\u00e9er le \u00ab\u00a0chaos\u00a0\u00bb, et a affirm\u00e9 que les 22 millions d\u2019euros de budget restants pour 2026 \u00e9taient insuffisants pour acheter des manuels de remplacement.<\/p>\n<p class=\" wall-content\">\u00ab\u00a0Si la R\u00e9gion d\u00e9cide d\u2019attribuer des manuels (de remplacement) \u00e0 certaines fili\u00e8res plut\u00f4t qu\u2019\u00e0 d\u2019autres, on va \u00eatre attaqu\u00e9. Ce choix-l\u00e0 est infaisable\u00a0\u00bb, a-t-elle pr\u00e9venu, r\u00e9p\u00e9tant que les manuels libres sont \u00ab\u00a0l\u2019outil adapt\u00e9 au moindre co\u00fbt\u00a0\u00bb.<\/p>\n<p class=\" wall-content\">La cour a tent\u00e9 de comprendre quelles seraient les cons\u00e9quences mat\u00e9rielles et p\u00e9dagogiques d\u2019un retrait au 30 septembre. Le patron de Pearltres, Patrice Lamothe, venu au c\u00f4t\u00e9 de repr\u00e9sentants de la R\u00e9gion, a affirm\u00e9 que \u00ab\u00a010 \u00e0 30%\u00a0\u00bb des cours que les enseignants ont pr\u00e9par\u00e9s sur la plateforme se retrouveraient \u00ab\u00a0caviard\u00e9s\u00a0\u00bb.<\/p>\n<p class=\" wall-content\">\u00ab\u00a0L\u2019effet que \u00e7a va avoir pour les enseignants sera marginal\u00a0\u00bb, a soutenu au contraire l\u2019avocat de l\u2019Association des \u00e9diteurs d\u2019\u00e9ducation, qui regroupe 32 maisons d\u2019\u00e9dition scolaire, Me Emmanuel Glaser. Selon lui, \u00ab\u00a0la R\u00e9gion veut prolonger son syst\u00e8me le plus longtemps possible en faisant peur au juge administratif\u00a0\u00bb.<\/p>\n<p class=\" wall-content\">Ces manuels sont utilis\u00e9s par 15 000 enseignants dans 250 lyc\u00e9es. La d\u00e9cision sera rendue le 18 septembre.<\/p>\n<p class=\" wall-content\"><strong>Avec AFP<\/strong><\/p>\n<p class=\" wall-content\">Personnalisez votre actualit\u00e9 en ajoutant vos villes et m\u00e9dias en favori avec <a href=\"https:\/\/moncompte.actu.fr\" title=\"D\u00e9couvez Mon Actu\" rel=\"nofollow noopener\" data-trk=\"{&quot;cta&quot;:{&quot;action&quot;:&quot;https:\\\/\\\/moncompte.actu.fr&quot;,&quot;category&quot;:&quot;mon compte&quot;,&quot;from&quot;:&quot;article footer&quot;,&quot;name&quot;:&quot;Mon actu&quot;,&quot;type&quot;:&quot;cta&quot;}}\" target=\"_blank\">Mon Actu<\/a>.<\/p>\n","protected":false},"excerpt":{"rendered":"Par Thomas Martin Publi\u00e9 le 4 sept. 2026 \u00e0 16h25 Une affaire qui semble mal embarqu\u00e9e\u2026La R\u00e9gion Ile-de-France&hellip;\n","protected":false},"author":2,"featured_media":1168030,"comment_status":"","ping_status":"","sticky":false,"template":"","format":"standard","meta":{"footnotes":"","_share_on_mastodon":"0"},"categories":[1888],"tags":[1111,1928,11,1927,1057,1777,674,1011,27,12,1926,626,1925,25,104,26199,2328],"class_list":["post-1168029","post","type-post","status-publish","format-standard","has-post-thumbnail","category-paris","tag-actu","tag-actu-paris","tag-actualites","tag-actualites-paris","tag-education","tag-eu","tag-europe","tag-fr","tag-france","tag-news","tag-news-paris","tag-paris","tag-paris-news","tag-republique-francaise","tag-societe","tag-tribunal-administratif-de-montreuil","tag-valerie-pecresse"],"share_on_mastodon":{"url":"https:\/\/pubeurope.com\/@fr\/117215975725940737","error":""},"_links":{"self":[{"href":"https:\/\/www.europesays.com\/fr\/wp-json\/wp\/v2\/posts\/1168029","targetHints":{"allow":["GET"]}}],"collection":[{"href":"https:\/\/www.europesays.com\/fr\/wp-json\/wp\/v2\/posts"}],"about":[{"href":"https:\/\/www.europesays.com\/fr\/wp-json\/wp\/v2\/types\/post"}],"author":[{"embeddable":true,"href":"https:\/\/www.europesays.com\/fr\/wp-json\/wp\/v2\/users\/2"}],"replies":[{"embeddable":true,"href":"https:\/\/www.europesays.com\/fr\/wp-json\/wp\/v2\/comments?post=1168029"}],"version-history":[{"count":0,"href":"https:\/\/www.europesays.com\/fr\/wp-json\/wp\/v2\/posts\/1168029\/revisions"}],"wp:featuredmedia":[{"embeddable":true,"href":"https:\/\/www.europesays.com\/fr\/wp-json\/wp\/v2\/media\/1168030"}],"wp:attachment":[{"href":"https:\/\/www.europesays.com\/fr\/wp-json\/wp\/v2\/media?parent=1168029"}],"wp:term":[{"taxonomy":"category","embeddable":true,"href":"https:\/\/www.europesays.com\/fr\/wp-json\/wp\/v2\/categories?post=1168029"},{"taxonomy":"post_tag","embeddable":true,"href":"https:\/\/www.europesays.com\/fr\/wp-json\/wp\/v2\/tags?post=1168029"}],"curies":[{"name":"wp","href":"https:\/\/api.w.org\/{rel}","templated":true}]}}