{"id":1168031,"date":"2026-09-05T02:03:25","date_gmt":"2026-09-05T02:03:25","guid":{"rendered":"https:\/\/www.europesays.com\/fr\/1168031\/"},"modified":"2026-09-05T02:03:25","modified_gmt":"2026-09-05T02:03:25","slug":"ufc-paris-2026-parnasse-hooker-horaires-diffusion-le-mma-francais-change-dechelle","status":"publish","type":"post","link":"https:\/\/www.europesays.com\/fr\/1168031\/","title":{"rendered":"UFC Paris 2026 : Parnasse-Hooker, horaires, diffusion\u2026 le MMA fran\u00e7ais change d\u2019\u00e9chelle"},"content":{"rendered":"<p><strong>Un \u00e9v\u00e9nement sportif devenu un rendez-vous de march\u00e9<\/strong>\n<\/p>\n<p>Quatre ans apr\u00e8s la premi\u00e8re \u00e9dition parisienne de l\u2019UFC, l\u2019effet de nouveaut\u00e9 a disparu. C\u2019est pr\u00e9cis\u00e9ment ce qui rend <a href=\"https:\/\/www.awin1.com\/awclick.php?gid=448180&amp;mid=33125&amp;awinaffid=1207880&amp;linkid=3383363&amp;clickref=dce-ufc-paris-040926\" rel=\"sponsored nofollow noopener\" target=\"_blank\">l\u2019\u00e9dition 2026 <\/a>int\u00e9ressante : la soir\u00e9e ne repose plus sur la seule curiosit\u00e9 d\u2019un sport longtemps absent du territoire fran\u00e7ais. Elle s\u2019inscrit d\u00e9sormais dans une m\u00e9canique r\u00e9guli\u00e8re, avec une salle pleine, des combattants locaux identifi\u00e9s et un diffuseur sp\u00e9cialis\u00e9.<\/p>\n<p>Le symbole le plus visible est Salahdine Parnasse. Le Fran\u00e7ais effectue ses d\u00e9buts \u00e0 l\u2019UFC non pas dans un combat d\u2019ouverture, mais directement en t\u00eate d\u2019affiche face \u00e0 Dan Hooker. Un positionnement qui traduit la valeur sportive et commerciale d\u00e9j\u00e0 acquise par l\u2019ancien double champion du KSW avant m\u00eame son premier round dans l\u2019organisation am\u00e9ricaine.<\/p>\n<p><a href=\"https:\/\/www.awin1.com\/awclick.php?gid=448180&amp;mid=33125&amp;awinaffid=1207880&amp;linkid=3383363&amp;clickref=dce-ufc-paris-040926\" rel=\"sponsored nofollow noopener\" target=\"_blank\">-&gt; VOIR LE COMBAT DE PARNASSE EN DIRECT<\/a><\/p>\n<p><strong>Parnasse, un actif d\u00e9j\u00e0 valoris\u00e9 avant ses d\u00e9buts<\/strong>\n<\/p>\n<p>Le parcours de Parnasse illustre une \u00e9volution du MMA europ\u00e9en. Pendant longtemps, rejoindre l\u2019UFC constituait presque l\u2019unique voie pour atteindre une forte reconnaissance. Le Fran\u00e7ais a suivi un chemin diff\u00e9rent : construire un palmar\u00e8s, n\u00e9gocier sa valeur sur d\u2019autres circuits, puis arriver plus tard avec un statut \u00e9tabli.<\/p>\n<p>\u00c0 28 ans, il affiche 23 victoires pour 2 d\u00e9faites et une exp\u00e9rience de champion dans deux cat\u00e9gories au KSW. Son dernier succ\u00e8s, obtenu par KO au premier round en mai 2026, a renforc\u00e9 l\u2019int\u00e9r\u00eat autour de son arriv\u00e9e. L\u2019UFC l\u2019oppose imm\u00e9diatement \u00e0 Hooker, v\u00e9t\u00e9ran de 24 combats dans l\u2019organisation, ce qui transforme son bapt\u00eame en test de march\u00e9 autant qu\u2019en test sportif.<\/p>\n<p>NewsletterMa Tribune<\/p>\n<p class=\"text-2xl mb-[16px]\">L\u2019actualit\u00e9 qui compte pour vous, chaque jour dans votre bo\u00eete mail.<\/p>\n<p>S&rsquo;inscrireS&rsquo;inscrireS&rsquo;inscrire<img alt=\"Illustration de la newsletter Ma Tribune\" loading=\"lazy\" decoding=\"async\" data-nimg=\"fill\" class=\"relative! rounded-xl\" style=\"position:absolute;height:100%;width:100%;left:0;top:0;right:0;bottom:0;object-fit:cover;color:transparent\"   src=\"https:\/\/www.europesays.com\/fr\/wp-content\/uploads\/2026\/04\/ma-tribune.png\"\/><\/p>\n<p><strong>La profondeur fran\u00e7aise r\u00e9duit la d\u00e9pendance \u00e0 une seule star<\/strong>\n<\/p>\n<p>L\u2019autre signal se trouve plus bas sur la carte. <a href=\"https:\/\/www.awin1.com\/awclick.php?gid=448180&amp;mid=33125&amp;awinaffid=1207880&amp;linkid=3383363&amp;clickref=dce-ufc-paris-040926\" rel=\"sponsored nofollow noopener\" target=\"_blank\">Far\u00e8s Ziam et Axel Sola s\u2019affrontent en co-main event.<\/a> Morgan Charri\u00e8re, Oumar Sy, Nora Cornolle, Matthieu Duclos, Michael Aljarouj et Delphine Benouaich compl\u00e8tent la repr\u00e9sentation tricolore.<\/p>\n<p>Cette densit\u00e9 est importante pour l\u2019\u00e9cosyst\u00e8me. Un sport d\u00e9pendant d\u2019une seule t\u00eate d\u2019affiche reste fragile : une blessure, une d\u00e9faite ou une fin de carri\u00e8re suffit \u00e0 casser la dynamique. Une carte capable d\u2019exposer plusieurs profils fran\u00e7ais \u00e0 des niveaux diff\u00e9rents offre au contraire davantage de continuit\u00e9 \u00e9ditoriale, \u00e9v\u00e9nementielle et commerciale.<\/p>\n<p><strong>La diffusion confirme la sp\u00e9cialisation de RMC Sport<\/strong>\n<\/p>\n<p>En France, <a href=\"https:\/\/www.awin1.com\/awclick.php?gid=448180&amp;mid=33125&amp;awinaffid=1207880&amp;linkid=3383363&amp;clickref=dce-ufc-paris-040926\" rel=\"sponsored nofollow noopener\" target=\"_blank\">RMC Sport met l\u2019UFC au centre de son offre sports de combat<\/a>. Pour la soir\u00e9e parisienne, la cha\u00eene annonce une prise d\u2019antenne \u00e0 20h30, avant une carte principale pr\u00e9vue \u00e0 21 heures. Le combat Hooker-Parnasse devrait intervenir autour de 23 heures, sans horaire garanti en raison de la dur\u00e9e variable des affrontements pr\u00e9c\u00e9dents.<\/p>\n<p>La grille tarifaire traduit deux strat\u00e9gies. L\u2019offre 100 % digitale avec engagement de douze mois est affich\u00e9e \u00e0 9 euros par mois pendant un an, puis 19 euros, avec 1 euro de frais d\u2019inscription. La formule sans engagement d\u00e9marre \u00e0 19 euros par mois pendant un an puis 25 euros. Le diffuseur cherche ainsi \u00e0 convertir l\u2019\u00e9v\u00e9nement ponctuel en abonnement r\u00e9current, tout en conservant une porte d\u2019entr\u00e9e flexible pour le public occasionnel.<\/p>\n<p><a href=\"https:\/\/www.awin1.com\/awclick.php?gid=448180&amp;mid=33125&amp;awinaffid=1207880&amp;linkid=3383363&amp;clickref=dce-ufc-paris-040926\" rel=\"sponsored nofollow noopener\" target=\"_blank\">-&gt; REGARDER L\u2019UFC PARIS SUR RMC SPORT<\/a><\/p>\n<p><strong>Une soir\u00e9e pens\u00e9e pour transformer l\u2019audience en usage<\/strong>\n<\/p>\n<p>Le produit ne se limite plus \u00e0 une retransmission lin\u00e9aire. L\u2019acc\u00e8s sur t\u00e9l\u00e9viseur connect\u00e9, ordinateur, tablette et smartphone, ainsi que la disponibilit\u00e9 des rediffusions, r\u00e9pondent \u00e0 un probl\u00e8me classique du MMA en Europe : des horaires parfois tardifs et un public qui ne peut pas toujours regarder l\u2019int\u00e9gralit\u00e9 d\u2019une carte en direct.<\/p>\n<p>\u00c0 Paris, le cr\u00e9neau est plus favorable. Les pr\u00e9liminaires d\u00e9butent \u00e0 18 heures, la carte principale \u00e0 21 heures et le main event devrait se terminer avant le c\u0153ur de la nuit. Cette programmation facilite la conqu\u00eate d\u2019un public plus large que celui des habitu\u00e9s des cartes am\u00e9ricaines diffus\u00e9es au petit matin.<\/p>\n<p><strong>La pes\u00e9e s\u00e9curise la valeur de l\u2019affiche<\/strong>\n<\/p>\n<p>Pour un \u00e9v\u00e9nement de combat, la derni\u00e8re incertitude commerciale se situe souvent sur la balance. Vendredi, Hooker et Parnasse ont tous les deux affich\u00e9 70,3 kg. Ziam et Sola ont \u00e9galement respect\u00e9 la limite des l\u00e9gers, comme l\u2019ensemble des combattants de la carte.<\/p>\n<p>Cette validation \u00e9vite les sc\u00e9narios qui fragilisent une promotion \u00e0 la derni\u00e8re minute : combat annul\u00e9, p\u00e9nalit\u00e9 financi\u00e8re, modification de cat\u00e9gorie ou affiche d\u00e9grad\u00e9e. \u00c0 vingt-quatre heures de l\u2019\u00e9v\u00e9nement, le produit vendu au public et au diffuseur reste donc intact.<\/p>\n<p><strong>Pourquoi Hooker constitue le bon test sportif<\/strong>\n<\/p>\n<p>Le choix de Dan Hooker a aussi une logique lisible. Le N\u00e9o-Z\u00e9landais apporte un nom connu, une exp\u00e9rience consid\u00e9rable et un style suffisamment dangereux pour donner de la valeur \u00e0 une \u00e9ventuelle victoire de Parnasse. Dans le m\u00eame temps, sa s\u00e9rie de deux d\u00e9faites le place dans une situation o\u00f9 le Fran\u00e7ais peut raisonnablement \u00eatre install\u00e9 favori.<\/p>\n<p>Le combat doit r\u00e9pondre \u00e0 une question simple : la valeur accumul\u00e9e par Parnasse hors UFC se convertit-elle imm\u00e9diatement dans l\u2019organisation la plus expos\u00e9e du march\u00e9 ? Une victoire nette acc\u00e9l\u00e9rerait son acc\u00e8s \u00e0 des adversaires mieux class\u00e9s et cr\u00e9erait de nouvelles affiches \u00e0 forte valeur m\u00e9diatique.<\/p>\n<p><strong>Les informations \u00e0 retenir avant samedi<\/strong>\n<\/p>\n<ul>\n<li>Date : samedi 5 septembre 2026.<\/li>\n<li>Lieu : Accor Arena, Paris.<\/li>\n<li>Pr\u00e9liminaires : 18 heures.<\/li>\n<li>Prise d\u2019antenne <a href=\"https:\/\/www.awin1.com\/awclick.php?gid=448180&amp;mid=33125&amp;awinaffid=1207880&amp;linkid=3383363&amp;clickref=dce-ufc-paris-040926\" rel=\"sponsored nofollow noopener\" target=\"_blank\">RMC Sport<\/a> : 20h30.<\/li>\n<li>Carte principale : 21 heures.<\/li>\n<li>Main event Hooker-Parnasse : autour de 23 heures selon le d\u00e9roulement de la soir\u00e9e.<\/li>\n<\/ul>\n<p>Le rendez-vous est donc \u00e0 la fois un test sportif pour Parnasse et un indicateur de maturit\u00e9 pour le MMA fran\u00e7ais. La discipline dispose d\u00e9sormais d\u2019un calendrier r\u00e9current, de plusieurs figures locales et d\u2019un mod\u00e8le de diffusion identifi\u00e9. Le r\u00e9sultat de samedi dira si elle tient aussi une nouvelle locomotive capable de d\u00e9passer le cercle des initi\u00e9s.<\/p>\n<p><strong>FAQ<\/strong>\n<\/p>\n<p><strong>Pourquoi Parnasse d\u00e9bute-t-il directement en main event ?<\/strong><\/p>\n<p>Son statut d\u2019ancien double champion du KSW, son bilan et sa popularit\u00e9 europ\u00e9enne lui donnent une valeur inhabituelle pour un nouveau venu \u00e0 l\u2019UFC.<\/p>\n<p><strong>Combien de Fran\u00e7ais sont annonc\u00e9s ?<\/strong><\/p>\n<p>La carte compte huit repr\u00e9sentants tricolores, dont Ziam et Sola en co-main event.<\/p>\n<p><strong>Quel est le prix d\u2019entr\u00e9e RMC Sport ?<\/strong><\/p>\n<p>L\u2019offre digitale engag\u00e9e est affich\u00e9e \u00e0 9 euros par mois pendant un an, puis 19 euros, avec 1 euro de frais d\u2019inscription.<\/p>\n<p><strong>Le combat principal est-il confirm\u00e9 ?<\/strong><\/p>\n<p>Oui. Hooker et Parnasse ont tous les deux fait le poids vendredi \u00e0 70,3 kg.<\/p>\n<p>\n  Ce contenu a \u00e9t\u00e9 r\u00e9alis\u00e9 par un expert de l\u2019\u00e9quipe shopping de La Tribune.<br \/>\n  L&rsquo;\u00e9quipe shopping est ind\u00e9pendante de la r\u00e9daction de latribune.fr.<br \/>\n  Les prix indiqu\u00e9s sont donn\u00e9s \u00e0 titre indicatif et sont susceptibles d\u2019\u00e9voluer.<br \/>\n  La Tribune est susceptible de percevoir une r\u00e9mun\u00e9ration lorsqu\u2019un de nos<br \/>\n  lecteurs proc\u00e8de \u00e0 un achat via les liens int\u00e9gr\u00e9s dans cet article.<\/p>\n","protected":false},"excerpt":{"rendered":"Un \u00e9v\u00e9nement sportif devenu un rendez-vous de march\u00e9 Quatre ans apr\u00e8s la premi\u00e8re \u00e9dition parisienne de l\u2019UFC, l\u2019effet&hellip;\n","protected":false},"author":2,"featured_media":1168032,"comment_status":"","ping_status":"","sticky":false,"template":"","format":"standard","meta":{"footnotes":"","_share_on_mastodon":"0"},"categories":[1888],"tags":[5734,1111,1928,11,1927,1777,674,1011,27,80734,12,1926,626,1925,25,120685],"class_list":["post-1168031","post","type-post","status-publish","format-standard","has-post-thumbnail","category-paris","tag-5734","tag-actu","tag-actu-paris","tag-actualites","tag-actualites-paris","tag-eu","tag-europe","tag-fr","tag-france","tag-linstant-selection","tag-news","tag-news-paris","tag-paris","tag-paris-news","tag-republique-francaise","tag-ufc-paris-2026-parnasse"],"share_on_mastodon":{"url":"https:\/\/pubeurope.com\/@fr\/117215981164793786","error":""},"_links":{"self":[{"href":"https:\/\/www.europesays.com\/fr\/wp-json\/wp\/v2\/posts\/1168031","targetHints":{"allow":["GET"]}}],"collection":[{"href":"https:\/\/www.europesays.com\/fr\/wp-json\/wp\/v2\/posts"}],"about":[{"href":"https:\/\/www.europesays.com\/fr\/wp-json\/wp\/v2\/types\/post"}],"author":[{"embeddable":true,"href":"https:\/\/www.europesays.com\/fr\/wp-json\/wp\/v2\/users\/2"}],"replies":[{"embeddable":true,"href":"https:\/\/www.europesays.com\/fr\/wp-json\/wp\/v2\/comments?post=1168031"}],"version-history":[{"count":0,"href":"https:\/\/www.europesays.com\/fr\/wp-json\/wp\/v2\/posts\/1168031\/revisions"}],"wp:featuredmedia":[{"embeddable":true,"href":"https:\/\/www.europesays.com\/fr\/wp-json\/wp\/v2\/media\/1168032"}],"wp:attachment":[{"href":"https:\/\/www.europesays.com\/fr\/wp-json\/wp\/v2\/media?parent=1168031"}],"wp:term":[{"taxonomy":"category","embeddable":true,"href":"https:\/\/www.europesays.com\/fr\/wp-json\/wp\/v2\/categories?post=1168031"},{"taxonomy":"post_tag","embeddable":true,"href":"https:\/\/www.europesays.com\/fr\/wp-json\/wp\/v2\/tags?post=1168031"}],"curies":[{"name":"wp","href":"https:\/\/api.w.org\/{rel}","templated":true}]}}