{"id":1168048,"date":"2026-09-05T02:17:14","date_gmt":"2026-09-05T02:17:14","guid":{"rendered":"https:\/\/www.europesays.com\/fr\/1168048\/"},"modified":"2026-09-05T02:17:14","modified_gmt":"2026-09-05T02:17:14","slug":"lue-a-expedie-82-tonnes-de-marchandises-augmentant-ainsi-son-aide-au-nepal","status":"publish","type":"post","link":"https:\/\/www.europesays.com\/fr\/1168048\/","title":{"rendered":"L&rsquo;UE a exp\u00e9di\u00e9 82 tonnes de marchandises, augmentant ainsi son aide au N\u00e9pal."},"content":{"rendered":"<p style=\"text-align: justify;\"> Selon EUnews, le 4 septembre, un avion du pont a\u00e9rien humanitaire de l&rsquo;UE, en coordination avec l&rsquo;UNICEF, a atterri au N\u00e9pal. Ce vol transportait 82 tonnes de mat\u00e9riel de secours essentiel provenant des r\u00e9serves de l&rsquo;UE, notamment des fournitures <a class=\"data-link\" data-org-href=\"https:\/\/www.vietnam.vn\/fr\/category\/y-te\" href=\"https:\/\/www.vietnam.vn\/fr\/category\/y-te\" title=\"m\u00e9dical\" target=\"_blank\" rel=\"nofollow noopener\">m\u00e9dicales<\/a> , des syst\u00e8mes de purification d&rsquo;eau, des denr\u00e9es alimentaires, des abris temporaires, des fournitures scolaires et des \u00e9quipements de protection.<\/p>\n<p style=\"text-align: justify;\"> Outre les livraisons directes, la Commission europ\u00e9enne a d\u00e9bloqu\u00e9 580\u00a0000\u00a0dollars suppl\u00e9mentaires par l\u2019interm\u00e9diaire du Fonds d\u2019intervention d\u2019urgence en cas de catastrophe de la F\u00e9d\u00e9ration internationale des Soci\u00e9t\u00e9s de la Croix-Rouge et du Croissant-Rouge (FICR\/DREF). Ce financement permet aux \u00e9quipes de secours de r\u00e9pondre aux besoins humanitaires urgents.<\/p>\n<p style=\"text-align: justify;\"> Par le biais du m\u00e9canisme de protection civile de l&rsquo;UE, des \u00c9tats membres comme le Luxembourg, l&rsquo;Allemagne, la Lettonie et <a class=\"data-link\" data-org-href=\"https:\/\/www.vietnam.vn\/fr\/tag\/na-uy\" href=\"https:\/\/www.vietnam.vn\/fr\/tag\/na-uy\" title=\"Norv\u00e8ge\" target=\"_blank\" rel=\"nofollow noopener\">la Norv\u00e8ge<\/a> acheminent d&rsquo;urgence des gilets de sauvetage, des groupes \u00e9lectrog\u00e8nes de secours, du mat\u00e9riel de cuisine et des couvertures chaudes vers la zone sinistr\u00e9e.<\/p>\n<p style=\"text-align: justify;\"> Il s&rsquo;agit d&rsquo;un \u00e9largissement de la campagne d&rsquo;aide humanitaire pr\u00e9c\u00e9demment lanc\u00e9e par l&rsquo;UE. Le 28 ao\u00fbt, la Commission europ\u00e9enne a d\u00e9bloqu\u00e9 2,3 millions de dollars d&rsquo;aide d&rsquo;urgence, qui s&rsquo;ajoutent aux pr\u00e8s de 3,4 millions de dollars d\u00e9j\u00e0 allou\u00e9s au N\u00e9pal pour la pr\u00e9vention des catastrophes en 2026.<\/p>\n<p style=\"text-align: justify;\"> En outre, l&rsquo;UE a \u00e9galement activ\u00e9 le syst\u00e8me de cartographie par satellite d&rsquo;urgence Copernicus pour fournir des donn\u00e9es de positionnement topographique en temps r\u00e9el et a d\u00e9ploy\u00e9 des coordinateurs d&rsquo;intervention rapide et des experts en logistique directement dans les zones touch\u00e9es afin d&rsquo;aider les autorit\u00e9s n\u00e9palaises dans leurs efforts de secours. <\/p>\n<p> DU SUD <\/p>\n<p class=\"mb-0\"> Source : https:\/\/www.sggp.org.vn\/eu-chuyen-82-tan-hang-mo-rong-vien-tro-cho-nepal-post870252.html<\/p>\n","protected":false},"excerpt":{"rendered":"Selon EUnews, le 4 septembre, un avion du pont a\u00e9rien humanitaire de l&rsquo;UE, en coordination avec l&rsquo;UNICEF, a&hellip;\n","protected":false},"author":2,"featured_media":1168049,"comment_status":"","ping_status":"","sticky":false,"template":"","format":"standard","meta":{"footnotes":"","_share_on_mastodon":"0"},"categories":[1586],"tags":[11,120686,2196,120688,1777,674,1779,1011,27,95041,29114,12,120687,5033,25,1778,364],"class_list":["post-1168048","post","type-post","status-publish","format-standard","has-post-thumbnail","category-europe","tag-actualites","tag-carte-satellite","tag-commission-europeenne","tag-crues-eclair","tag-eu","tag-europe","tag-european-union","tag-fr","tag-france","tag-humain","tag-nepal","tag-news","tag-pont-de-laeroport","tag-reponse","tag-republique-francaise","tag-ue","tag-union-europeenne"],"share_on_mastodon":{"url":"https:\/\/pubeurope.com\/@fr\/117216034456244927","error":""},"_links":{"self":[{"href":"https:\/\/www.europesays.com\/fr\/wp-json\/wp\/v2\/posts\/1168048","targetHints":{"allow":["GET"]}}],"collection":[{"href":"https:\/\/www.europesays.com\/fr\/wp-json\/wp\/v2\/posts"}],"about":[{"href":"https:\/\/www.europesays.com\/fr\/wp-json\/wp\/v2\/types\/post"}],"author":[{"embeddable":true,"href":"https:\/\/www.europesays.com\/fr\/wp-json\/wp\/v2\/users\/2"}],"replies":[{"embeddable":true,"href":"https:\/\/www.europesays.com\/fr\/wp-json\/wp\/v2\/comments?post=1168048"}],"version-history":[{"count":0,"href":"https:\/\/www.europesays.com\/fr\/wp-json\/wp\/v2\/posts\/1168048\/revisions"}],"wp:featuredmedia":[{"embeddable":true,"href":"https:\/\/www.europesays.com\/fr\/wp-json\/wp\/v2\/media\/1168049"}],"wp:attachment":[{"href":"https:\/\/www.europesays.com\/fr\/wp-json\/wp\/v2\/media?parent=1168048"}],"wp:term":[{"taxonomy":"category","embeddable":true,"href":"https:\/\/www.europesays.com\/fr\/wp-json\/wp\/v2\/categories?post=1168048"},{"taxonomy":"post_tag","embeddable":true,"href":"https:\/\/www.europesays.com\/fr\/wp-json\/wp\/v2\/tags?post=1168048"}],"curies":[{"name":"wp","href":"https:\/\/api.w.org\/{rel}","templated":true}]}}