{"id":1168059,"date":"2026-09-05T02:29:13","date_gmt":"2026-09-05T02:29:13","guid":{"rendered":"https:\/\/www.europesays.com\/fr\/1168059\/"},"modified":"2026-09-05T02:29:13","modified_gmt":"2026-09-05T02:29:13","slug":"pavel-sivakov-abandonne-uae-na-plus-que-quatre-coureurs-sur-la-vuelta-actualite","status":"publish","type":"post","link":"https:\/\/www.europesays.com\/fr\/1168059\/","title":{"rendered":"Pavel Sivakov abandonne, UAE n&rsquo;a plus que quatre coureurs sur la Vuelta &#8211; Actualit\u00e9"},"content":{"rendered":"<p>Encore un coureur en moins pour UAE Team Emirates XRG sur les routes du Tour d&rsquo;Espagne. Le Fran\u00e7ais <strong><a style=\"color: #000000; text-decoration: underline;\" href=\"https:\/\/www.directvelo.com\/coureur\/11989\/pavel-sivakov\" target=\"_blank\" rel=\"noopener nofollow\">Pavel Sivakov<\/a><\/strong> vient en effet de quitter le troisi\u00e8me et dernier Grand Tour de la saison, ce vendredi, \u00e0 l&rsquo;occasion de la treizi\u00e8me \u00e9tape, trac\u00e9e sur 192.8 km entre Almunecar et Loja.<\/p>\n<p>La formation \u00e9miratie avait bien s\u00fbr d\u00e9j\u00e0 perdu son leader Tadej Pogacar lors de la huiti\u00e8me \u00e9tape, puis l&rsquo;Espagnol Pablo Torres avait lui aussi abandonn\u00e9 le lendemain. L&rsquo;Australien Jay Vine avait pour sa part pos\u00e9 pied \u00e0 terre ce jeudi, lors de la douzi\u00e8me journ\u00e9e de comp\u00e9tition.<\/p>\n<p>La fin de Tour d&rsquo;Espagne risque d\u00e9sormais d&rsquo;\u00eatre longue pour UAE Team Emirates XRG, qui ne compte plus que quatre \u00e9l\u00e9ments en course : Joao Almeida, Domen Novak, Ivo Oliveira et Kevin Vermaerke.<\/p>\n<p>Pour rappel, lors du Tour d&rsquo;Italie, la WorldTeam avait perdu trois coureurs apr\u00e8s deux petites journ\u00e9es de course.\u00a0 \u00a0<\/p>\n","protected":false},"excerpt":{"rendered":"Encore un coureur en moins pour UAE Team Emirates XRG sur les routes du Tour d&rsquo;Espagne. Le Fran\u00e7ais&hellip;\n","protected":false},"author":2,"featured_media":1168060,"comment_status":"","ping_status":"","sticky":false,"template":"","format":"standard","meta":{"footnotes":"","_share_on_mastodon":"0"},"categories":[1411],"tags":[834,828,836,829,837,827,83,826,824,823,1154,207,814,817,815,816,822,821,832,211,839,1011,27,820,818,819,835,831,830,833,838,60,212,208,825],"class_list":["post-1168059","post","type-post","status-publish","format-standard","has-post-thumbnail","category-cyclisme","tag-attaque","tag-belgique","tag-braquet","tag-bretagne","tag-chute","tag-competition","tag-coupe-de-france","tag-coureur","tag-course-cyclisme","tag-course-cycliste","tag-cycling","tag-cyclisme","tag-direct","tag-direct-velo","tag-directvelo","tag-directvelo-com","tag-epreuve","tag-epreuve-cycliste","tag-federation-francaise-de-cyclisme","tag-ffc","tag-flandres","tag-fr","tag-france","tag-live","tag-live-course","tag-live-epreuve","tag-peloton","tag-radio-peloton","tag-radio-tour","tag-ravitaillement","tag-relance","tag-sports","tag-uci","tag-velo","tag-velos"],"share_on_mastodon":{"url":"https:\/\/pubeurope.com\/@fr\/117216081903901792","error":""},"_links":{"self":[{"href":"https:\/\/www.europesays.com\/fr\/wp-json\/wp\/v2\/posts\/1168059","targetHints":{"allow":["GET"]}}],"collection":[{"href":"https:\/\/www.europesays.com\/fr\/wp-json\/wp\/v2\/posts"}],"about":[{"href":"https:\/\/www.europesays.com\/fr\/wp-json\/wp\/v2\/types\/post"}],"author":[{"embeddable":true,"href":"https:\/\/www.europesays.com\/fr\/wp-json\/wp\/v2\/users\/2"}],"replies":[{"embeddable":true,"href":"https:\/\/www.europesays.com\/fr\/wp-json\/wp\/v2\/comments?post=1168059"}],"version-history":[{"count":0,"href":"https:\/\/www.europesays.com\/fr\/wp-json\/wp\/v2\/posts\/1168059\/revisions"}],"wp:featuredmedia":[{"embeddable":true,"href":"https:\/\/www.europesays.com\/fr\/wp-json\/wp\/v2\/media\/1168060"}],"wp:attachment":[{"href":"https:\/\/www.europesays.com\/fr\/wp-json\/wp\/v2\/media?parent=1168059"}],"wp:term":[{"taxonomy":"category","embeddable":true,"href":"https:\/\/www.europesays.com\/fr\/wp-json\/wp\/v2\/categories?post=1168059"},{"taxonomy":"post_tag","embeddable":true,"href":"https:\/\/www.europesays.com\/fr\/wp-json\/wp\/v2\/tags?post=1168059"}],"curies":[{"name":"wp","href":"https:\/\/api.w.org\/{rel}","templated":true}]}}