{"id":1168082,"date":"2026-09-05T02:42:14","date_gmt":"2026-09-05T02:42:14","guid":{"rendered":"https:\/\/www.europesays.com\/fr\/1168082\/"},"modified":"2026-09-05T02:42:14","modified_gmt":"2026-09-05T02:42:14","slug":"etats-unis-donald-trump-annonce-de-nouveaux-travaux-de-securite-sur-lavion-offert-par-le-qatar","status":"publish","type":"post","link":"https:\/\/www.europesays.com\/fr\/1168082\/","title":{"rendered":"Etats-Unis\u00a0: Donald Trump annonce de nouveaux travaux de s\u00e9curit\u00e9 sur l\u2019avion offert par le Qatar"},"content":{"rendered":"<p><a href=\"https:\/\/www.20minutes.fr\/monde\/etats-unis\/4221431-20260502-etats-unis-avion-offert-trump-qatar-bon-service\" target=\"_blank\" class=\"c-link c-link--is-underlined\" rel=\"nofollow noopener\">L\u2019avion pr\u00e9sidentiel offert aux Etats-Unis par la famille royale qatarie<\/a> va subir une nouvelle phase de travaux \u00e0 partir d\u2019octobre. <a href=\"https:\/\/www.20minutes.fr\/dossier\/donald_trump\" target=\"_blank\" class=\"c-link c-link--is-underlined\" rel=\"nofollow noopener\">Donald Trump<\/a> a indiqu\u00e9 vendredi que les modifications destin\u00e9es \u00e0 renforcer sa s\u00e9curit\u00e9 prendraient environ deux mois, soit plus longtemps qu\u2019annonc\u00e9 initialement.<\/p>\n<p>\u00ab\u00a0\u00c7a prendra environ 60 jours et il sera envoy\u00e9 en octobre pour \u00eatre perfectionn\u00e9\u00a0\u00bb, a d\u00e9clar\u00e9 le pr\u00e9sident am\u00e9ricain \u00e0 la presse. En juillet, il avait \u00e9voqu\u00e9 une intervention d\u2019environ un mois. La <a href=\"https:\/\/www.20minutes.fr\/dossier\/maison_blanche\" target=\"_blank\" class=\"c-link c-link--is-underlined\" rel=\"nofollow noopener\">Maison-Blanche<\/a> n\u2019a pas pr\u00e9cis\u00e9 la nature des am\u00e9liorations pr\u00e9vues.<\/p>\n<p>\u00ab\u00a0Meilleur avion pr\u00e9sidentiel jamais construit\u00a0\u00bb<\/p>\n<p>Cette d\u00e9cision intervient apr\u00e8s un \u00e9pisode survenu en juillet lors du sommet de l\u2019<a href=\"https:\/\/www.20minutes.fr\/monde\/otan\/\" target=\"_blank\" class=\"c-link c-link--is-underlined\" rel=\"nofollow noopener\">Otan<\/a> en Turquie. <a href=\"https:\/\/www.20minutes.fr\/monde\/etats-unis\/4233684-20260709-pourquoi-trump-pris-nouvel-air-force-one-offert-qatar-quitter-turquie\" target=\"_blank\" class=\"c-link c-link--is-underlined\" rel=\"nofollow noopener\">Donald Trump avait chang\u00e9 d\u2019appareil \u00e0 la derni\u00e8re minute pour quitter le pays<\/a>, avant de monter secr\u00e8tement \u00e0 bord d\u2019un troisi\u00e8me avion en raison de menaces iraniennes.<\/p>\n<p>Un haut responsable am\u00e9ricain a assur\u00e9 que les moyens de transport du pr\u00e9sident \u00e9taient \u00ab\u00a0s\u00fbrs et fiables\u00a0\u00bb et qu\u2019ils \u00e9taient \u00ab\u00a0r\u00e9guli\u00e8rement\u00a0\u00bb adapt\u00e9s lorsque cela \u00e9tait n\u00e9cessaire. Il a \u00e9galement qualifi\u00e9 l\u2019appareil de \u00ab\u00a0meilleur avion pr\u00e9sidentiel jamais construit\u00a0\u00bb.<\/p>\n<p>Dans l\u2019attente de deux nouveaux Boeing<\/p>\n<p>L\u2019avion avait \u00e9t\u00e9 offert l\u2019an dernier par la famille royale <a href=\"https:\/\/www.20minutes.fr\/dossier\/qatar\" target=\"_blank\" class=\"c-link c-link--is-underlined\" rel=\"nofollow noopener\">qatarie<\/a> apr\u00e8s les critiques de Donald Trump sur les deux Air Force One en service depuis\u00a01990. Ce cadeau, \u00e9valu\u00e9 \u00e0 plusieurs centaines de millions de dollars, avait suscit\u00e9 des interrogations \u00e9thiques et constitutionnelles sur les pr\u00e9sents qu\u2019un pr\u00e9sident am\u00e9ricain peut recevoir d\u2019un Etat \u00e9tranger.<\/p>\n<p><a href=\"https:\/\/www.20minutes.fr\/monde\/etats-unis\/\" target=\"_blank\" class=\"c-link c-btn c-btn--primary\" rel=\"nofollow noopener\">Notre dossier sur les Etats-Unis<\/a><\/p>\n<p>R\u00e9am\u00e9nag\u00e9 par l\u2019arm\u00e9e de l\u2019air am\u00e9ricaine pour un premier vol pr\u00e9sidentiel le 1er\u00a0juillet 2026, l\u2019appareil doit \u00eatre utilis\u00e9 en attendant la livraison de deux nouveaux <a href=\"https:\/\/www.20minutes.fr\/economie\/boeing\/\" target=\"_blank\" class=\"c-link c-link--is-underlined\" rel=\"nofollow noopener\">Boeing<\/a> retard\u00e9s \u00e0 plusieurs reprises. L\u2019US Air Force avait reconnu avoir fait certains compromis sur l\u2019am\u00e9nagement int\u00e9rieur afin d\u2019acc\u00e9l\u00e9rer sa mise en service, tout en assurant qu\u2019\u00ab\u00a0aucun risque n\u2019a \u00e9t\u00e9 pris en mati\u00e8re de s\u00e9curit\u00e9, de s\u00fbret\u00e9 ou de communications\u00a0\u00bb.<\/p>\n","protected":false},"excerpt":{"rendered":"L\u2019avion pr\u00e9sidentiel offert aux Etats-Unis par la famille royale qatarie va subir une nouvelle phase de travaux \u00e0&hellip;\n","protected":false},"author":2,"featured_media":1168083,"comment_status":"","ping_status":"","sticky":false,"template":"","format":"standard","meta":{"footnotes":"","_share_on_mastodon":"0"},"categories":[5],"tags":[47,11,37,888,75,73,1011,27,14,74,12,1463,656,28],"class_list":["post-1168082","post","type-post","status-publish","format-standard","has-post-thumbnail","category-international","tag-actualite","tag-actualites","tag-avion","tag-boeing","tag-donald-trump","tag-etats-unis","tag-fr","tag-france","tag-international","tag-monde","tag-news","tag-qatar","tag-securite","tag-world"],"share_on_mastodon":{"url":"https:\/\/pubeurope.com\/@fr\/117216141049211554","error":""},"_links":{"self":[{"href":"https:\/\/www.europesays.com\/fr\/wp-json\/wp\/v2\/posts\/1168082","targetHints":{"allow":["GET"]}}],"collection":[{"href":"https:\/\/www.europesays.com\/fr\/wp-json\/wp\/v2\/posts"}],"about":[{"href":"https:\/\/www.europesays.com\/fr\/wp-json\/wp\/v2\/types\/post"}],"author":[{"embeddable":true,"href":"https:\/\/www.europesays.com\/fr\/wp-json\/wp\/v2\/users\/2"}],"replies":[{"embeddable":true,"href":"https:\/\/www.europesays.com\/fr\/wp-json\/wp\/v2\/comments?post=1168082"}],"version-history":[{"count":0,"href":"https:\/\/www.europesays.com\/fr\/wp-json\/wp\/v2\/posts\/1168082\/revisions"}],"wp:featuredmedia":[{"embeddable":true,"href":"https:\/\/www.europesays.com\/fr\/wp-json\/wp\/v2\/media\/1168083"}],"wp:attachment":[{"href":"https:\/\/www.europesays.com\/fr\/wp-json\/wp\/v2\/media?parent=1168082"}],"wp:term":[{"taxonomy":"category","embeddable":true,"href":"https:\/\/www.europesays.com\/fr\/wp-json\/wp\/v2\/categories?post=1168082"},{"taxonomy":"post_tag","embeddable":true,"href":"https:\/\/www.europesays.com\/fr\/wp-json\/wp\/v2\/tags?post=1168082"}],"curies":[{"name":"wp","href":"https:\/\/api.w.org\/{rel}","templated":true}]}}