{"id":116811,"date":"2025-05-21T12:08:08","date_gmt":"2025-05-21T12:08:08","guid":{"rendered":"https:\/\/www.europesays.com\/fr\/116811\/"},"modified":"2025-05-21T12:08:08","modified_gmt":"2025-05-21T12:08:08","slug":"anne-hidalgo-face-a-une-ponction-inedite-de-letat-pour-son-dernier-budget","status":"publish","type":"post","link":"https:\/\/www.europesays.com\/fr\/116811\/","title":{"rendered":"Anne Hidalgo face \u00e0 une \u00ab\u00a0ponction in\u00e9dite\u00a0\u00bb de l&rsquo;Etat pour son dernier budget"},"content":{"rendered":"<p>            Par<br \/>\n        <strong><br \/>\n            <a href=\"https:\/\/actu.fr\/auteur\/redaction-paris\" title=\"Consulter tous les articles de R\u00e9daction Paris\" target=\"_blank\" rel=\"noopener\">R\u00e9daction Paris<\/a><br \/>\n        <\/strong><\/p>\n<p>        Publi\u00e9 le<\/p>\n<p>            21 mai 2025 \u00e0 13h58        <\/p>\n<p>Une \u00ab\u2009ponction in\u00e9dite\u2009\u00bb. C\u2019est ce que d\u00e9nonce la <a href=\"https:\/\/actu.fr\/tag\/mairie-de-paris\" target=\"_blank\" rel=\"noopener\">Ville de Paris<\/a> ce mercredi 21\u00a0mai 2025. Le budget de l\u2019\u00c9tat pour 2025, qui demande une <strong>contribution de 2,2\u00a0milliards<\/strong> d\u2019euros aux collectivit\u00e9s locales, va lui co\u00fbter 275\u00a0millions d\u2019euros, a estim\u00e9 mercredi la municipalit\u00e9 socialiste.<\/p>\n<p>11,5\u00a0milliards d\u2019euros de d\u00e9penses<\/p>\n<p class=\" wall-content\">Le budget 2025 de la ville de Paris pr\u00e9voit 11,5\u00a0milliards d\u2019euros de d\u00e9penses dont 1,75\u00a0milliard d\u2019investissements, en <strong>l\u00e9g\u00e8re baisse<\/strong> par rapport \u00e0 2024, a indiqu\u00e9 la mairie en pr\u00e9sentant les ajustements au budget pr\u00e9visionnel adopt\u00e9 en d\u00e9cembre. Ce budget suppl\u00e9mentaire, <a href=\"https:\/\/actu.fr\/ile-de-france\/paris_75056\/paris-anne-hidalgo-renonce-aux-municipales-2026-la-guerre-de-succession-lancee-les-premieres-reactions_61918240.html\" target=\"_blank\" rel=\"noopener\">dernier de plein exercice<\/a> de la maire socialiste <a href=\"https:\/\/actu.fr\/tag\/anne-hidalgo\" target=\"_blank\" rel=\"noopener\">Anne Hidalgo<\/a>, doit \u00eatre vot\u00e9 d\u00e9but juin en <a href=\"https:\/\/actu.fr\/tag\/conseil-de-paris\" target=\"_blank\" rel=\"noopener\">Conseil de Paris<\/a>.<\/p>\n<p class=\" wall-content\">La loi de finances adopt\u00e9e en f\u00e9vrier au Parlement gr\u00e8vera le budget de la ville de 275\u00a0millions d\u2019euros, via une \u00ab\u2009ponction\u2009\u00bb directe sur ses recettes ou des rentr\u00e9es en moins, a calcul\u00e9 <strong>Paul Simondon<\/strong>, adjoint charg\u00e9 des Finances de la ville, \u00e0 la fois commune et d\u00e9partement.<\/p>\n<p class=\" wall-content\">\u00ab\u2009L\u2019objectif du gouvernement n\u2019est <strong>pas de faire faire des \u00e9conomies<\/strong> aux collectivit\u00e9s mais bien de les ponctionner pour diminuer le d\u00e9ficit de l\u2019\u00c9tat. Une situation totalement in\u00e9dite\u2009\u00bb, a d\u00e9nonc\u00e9 l\u2019\u00e9lu parisien.<\/p>\n<p>Des \u00e9conomies pour compenser les pertes<\/p>\n<p class=\" wall-content\">La contribution des collectivit\u00e9s au redressement des finances publiques est pass\u00e9e de cinq milliards d\u2019euros \u00e0 2,2\u00a0milliards dans le budget 2025. Mais les associations d\u2019\u00e9lus chiffrent la facture \u00e0 <strong>plus de sept milliards<\/strong>.<\/p>\n<p>Vid\u00e9os : en ce moment sur Actu<\/p>\n<p class=\" wall-content\">Le gouvernement de <a href=\"https:\/\/actu.fr\/tag\/francois-bayrou\" target=\"_blank\" rel=\"noopener\">Fran\u00e7ois Bayrou<\/a> \u00ab\u2009a chang\u00e9 de ton avec les collectivit\u00e9s [N.D.L.R. par rapport \u00e0 la pr\u00e9c\u00e9dente mandature de <a href=\"https:\/\/actu.fr\/tag\/michel-barnier\" target=\"_blank\" rel=\"noopener\">Michel Barnier<\/a>]. Il nous explique qu\u2019elles ont fait des efforts, qu\u2019elles ne sont <strong>plus responsables de la faillite<\/strong>\u2026 mais en nous annon\u00e7ant des montants potentiellement pires\u2009\u00bb, a comment\u00e9 Paul Simondon.<\/p>\n<p class=\" wall-content\">La ville compensera ses <strong>pertes de recettes<\/strong> par des \u00e9conomies sur les co\u00fbts administratifs et de fonctionnement, \u00ab\u2009sans toucher au c\u0153ur des services publics ni fragiliser les dispositifs de solidarit\u00e9\u2009\u00bb dont les aides aux familles (tarif des cantines, remboursement du pass Navigo pour les enfants, etc.), a assur\u00e9 l\u2019adjoint.<\/p>\n<p>La Mairie va puiser dans ses \u00ab\u2009r\u00e9serves strat\u00e9giques\u2009\u00bb<\/p>\n<p class=\" wall-content\">Fait rare, la premi\u00e8re collectivit\u00e9 de France va <strong>puiser dans ses \u00ab\u2009r\u00e9serves strat\u00e9giques\u2009\u00bb<\/strong>, en r\u00e9cup\u00e9rant notamment l\u2019exc\u00e9dent de l\u2019op\u00e9ration d\u2019am\u00e9nagement du quartier de Clichy-Batignolles dans le nord-ouest de la capitale.<\/p>\n<p class=\" wall-content\">La municipalit\u00e9 a \u00e9galement d\u00e9cid\u00e9 de <strong>relever de 0,5 point le plafond des taxes<\/strong> sur les transactions immobili\u00e8res (DMTO), \u00ab\u2009seul levier fiscal dont disposent les d\u00e9partements pour payer leurs d\u00e9penses de solidarit\u00e9\u2009\u00bb, a justifi\u00e9 l\u2019adjoint aux Finances.<\/p>\n<p class=\" wall-content\">Au vu des premi\u00e8res transactions sign\u00e9es, les recettes de ces droits devraient s\u2019\u00e9lever \u00e0 1,5\u00a0milliard d\u2019euros en 2025, soit <strong>300\u00a0millions de plus<\/strong> qu\u2019en 2024.<br \/>L\u2019endettement devrait s\u2019\u00e9lever \u00e0 pr\u00e8s de un milliard d\u2019euros pour 2025, portant la dette cumul\u00e9e de la ville \u00e0 9,3\u00a0milliards d\u2019euros.<\/p>\n<p class=\" wall-content\">Avec AFP.<\/p>\n<p class=\" wall-content\">Suivez toute l\u2019actualit\u00e9 de vos villes et m\u00e9dias favoris en vous inscrivant \u00e0 <a href=\"https:\/\/moncompte.actu.fr\" title=\"D\u00e9couvez Mon Actu\" rel=\"nofollow noopener\" data-trk=\"{&quot;cta&quot;:{&quot;action&quot;:&quot;https:\\\/\\\/moncompte.actu.fr&quot;,&quot;category&quot;:&quot;mon compte&quot;,&quot;from&quot;:&quot;article footer&quot;,&quot;name&quot;:&quot;Mon actu&quot;,&quot;type&quot;:&quot;cta&quot;}}\" target=\"_blank\">Mon Actu<\/a>.<\/p>\n<ul class=\"ac-article-tag wall-content\">\n<li><a href=\"https:\/\/actu.fr\/tag\/anne-hidalgo\" data-trk=\"{&quot;cta&quot;:{&quot;action&quot;:&quot;Anne Hidalgo&quot;,&quot;category&quot;:&quot;tag&quot;,&quot;from&quot;:&quot;article footer&quot;,&quot;name&quot;:&quot;Anne Hidalgo&quot;,&quot;type&quot;:&quot;cta&quot;}}\" target=\"_blank\" rel=\"noopener\">#Anne Hidalgo<\/a><\/li>\n<li><a href=\"https:\/\/actu.fr\/tag\/mairie-de-paris\" data-trk=\"{&quot;cta&quot;:{&quot;action&quot;:&quot;Mairie de Paris&quot;,&quot;category&quot;:&quot;tag&quot;,&quot;from&quot;:&quot;article footer&quot;,&quot;name&quot;:&quot;Mairie de Paris&quot;,&quot;type&quot;:&quot;cta&quot;}}\" target=\"_blank\" rel=\"noopener\">#Mairie de Paris<\/a><\/li>\n<\/ul>\n","protected":false},"excerpt":{"rendered":"Par R\u00e9daction Paris Publi\u00e9 le 21 mai 2025 \u00e0 13h58 Une \u00ab\u2009ponction in\u00e9dite\u2009\u00bb. C\u2019est ce que d\u00e9nonce la&hellip;\n","protected":false},"author":2,"featured_media":116812,"comment_status":"","ping_status":"","sticky":false,"template":"","format":"standard","meta":{"footnotes":""},"categories":[1888],"tags":[1111,1928,11,1927,2618,1777,674,1011,27,2381,12,1926,626,1925,25,104],"class_list":{"0":"post-116811","1":"post","2":"type-post","3":"status-publish","4":"format-standard","5":"has-post-thumbnail","7":"category-paris","8":"tag-actu","9":"tag-actu-paris","10":"tag-actualites","11":"tag-actualites-paris","12":"tag-anne-hidalgo","13":"tag-eu","14":"tag-europe","15":"tag-fr","16":"tag-france","17":"tag-mairie-de-paris","18":"tag-news","19":"tag-news-paris","20":"tag-paris","21":"tag-paris-news","22":"tag-republique-francaise","23":"tag-societe"},"share_on_mastodon":{"url":"https:\/\/pubeurope.com\/@fr\/114545747796980966","error":""},"_links":{"self":[{"href":"https:\/\/www.europesays.com\/fr\/wp-json\/wp\/v2\/posts\/116811","targetHints":{"allow":["GET"]}}],"collection":[{"href":"https:\/\/www.europesays.com\/fr\/wp-json\/wp\/v2\/posts"}],"about":[{"href":"https:\/\/www.europesays.com\/fr\/wp-json\/wp\/v2\/types\/post"}],"author":[{"embeddable":true,"href":"https:\/\/www.europesays.com\/fr\/wp-json\/wp\/v2\/users\/2"}],"replies":[{"embeddable":true,"href":"https:\/\/www.europesays.com\/fr\/wp-json\/wp\/v2\/comments?post=116811"}],"version-history":[{"count":0,"href":"https:\/\/www.europesays.com\/fr\/wp-json\/wp\/v2\/posts\/116811\/revisions"}],"wp:featuredmedia":[{"embeddable":true,"href":"https:\/\/www.europesays.com\/fr\/wp-json\/wp\/v2\/media\/116812"}],"wp:attachment":[{"href":"https:\/\/www.europesays.com\/fr\/wp-json\/wp\/v2\/media?parent=116811"}],"wp:term":[{"taxonomy":"category","embeddable":true,"href":"https:\/\/www.europesays.com\/fr\/wp-json\/wp\/v2\/categories?post=116811"},{"taxonomy":"post_tag","embeddable":true,"href":"https:\/\/www.europesays.com\/fr\/wp-json\/wp\/v2\/tags?post=116811"}],"curies":[{"name":"wp","href":"https:\/\/api.w.org\/{rel}","templated":true}]}}