{"id":1168118,"date":"2026-09-05T03:09:24","date_gmt":"2026-09-05T03:09:24","guid":{"rendered":"https:\/\/www.europesays.com\/fr\/1168118\/"},"modified":"2026-09-05T03:09:24","modified_gmt":"2026-09-05T03:09:24","slug":"plus-grand-festival-de-science-fiction-en-europe-les-utopiales-ouvriront-de-nouvelles-perspectives","status":"publish","type":"post","link":"https:\/\/www.europesays.com\/fr\/1168118\/","title":{"rendered":"Plus grand festival de science-fiction en Europe, les\u00a0Utopiales ouvriront de nouvelles perspectives"},"content":{"rendered":"<p>L\u2019\u00e9t\u00e9 indien est l\u00e0, qui, pour les amateurs de science-fiction de Nantes et de Navarre annonce <a href=\"https:\/\/nantes.maville.com\/actu\/actudet_-comment-la-realite-rattrape-la-science-fiction-au-festival-des-utopiales-a-nantes-_8-7046179_actu.Htm\" target=\"_self\" rel=\"nofollow noopener\">les Utopiales<\/a>. La cit\u00e9 des Ducs de Bretagne a en effet le bonheur d\u2019accueillir chaque ann\u00e9e son festival de science-fiction. Au fil des \u00e9ditions, le rendez-vous nantais s\u2019est hiss\u00e9 au rang des tout premiers en Europe, sinon le premier. Il draine des milliers de visiteurs. De toute la France, convergent des habitu\u00e9s qui viennent faire le plein de livres dans la plus grande librairie sp\u00e9cialis\u00e9e et \u00e9ph\u00e9m\u00e8re. Ils viennent aussi \u00e9changer, \u00e9couter des conf\u00e9rences tous azimuts. La 27e \u00e9dition se profile et se d\u00e9roulera du jeudi 29\u00a0octobre au dimanche 1er\u00a0novembre, <a href=\"https:\/\/nantes.maville.com\/actu\/actudet_-nouvelle-salle-de-spectacle-de-la-metropole-nantaise-le-laps-ouvrira-dans-le-parc-des-expos-en-septembre-_8-7325144_actu.Htm\" target=\"_self\" rel=\"nofollow noopener\">pour l\u2019essentiel \u00e0 la cit\u00e9 des congr\u00e8s.<\/a><\/p>\n<p>Des perspectives explor\u00e9es avec 200\u00a0invit\u00e9s<\/p>\n<p>\t<img decoding=\"async\" src=\"https:\/\/www.europesays.com\/fr\/wp-content\/uploads\/2026\/09\/P36110365D7464438G_px_640_.jpg\" alt=\"photo aux utopiales, le festival de science-fiction nantais, des exp\u00e9riences en r\u00e9alit\u00e9 virtuelle \u00e0 vivre \u00e0 tous les \u00e2ges.  \u00a9  archives ouest-france\" width=\"640\" title=\" Aux Utopiales, le festival de science-fiction nantais, des exp\u00e9riences en r\u00e9alit\u00e9 virtuelle \u00e0 vivre \u00e0 tous les \u00e2ges.   archives Ouest-France \" loading=\"lazy\"\/><\/p>\n<p class=\"elmt-legende\"> Aux Utopiales, le festival de science-fiction nantais, des exp\u00e9riences en r\u00e9alit\u00e9 virtuelle \u00e0 vivre \u00e0 tous les \u00e2ges.   archives Ouest-France <\/p>\n<p>Le comit\u00e9 de pilotage des Utopiales, pr\u00e9sid\u00e9 par <a href=\"https:\/\/nantes.maville.com\/actu\/actudet_-utopiales.-roland-lehoucq-astrophysicien-la-science-a-interet-a-parler-a-la-science-fiction-_8-6013187_actu.Htm\" target=\"_self\" rel=\"nofollow noopener\">Roland Lehoucq<\/a>, a choisi cette ann\u00e9e le th\u00e8me des perspectives. Un mot qui ouvre sur l\u2019infini des possibles, cher \u00e0 l\u2019astrophysicien, fan de SF. Il sera entour\u00e9 de deux cents auteurs, scientifiques, artistes, illustrateurs, cin\u00e9astes, \u00e9diteurs de jeu, invit\u00e9s \u00e0 explorer les multiples facettes du r\u00e9el et envisager l\u2019avenir.<\/p>\n<p>L\u2019id\u00e9e des perspectives est inspir\u00e9e d\u2019une phrase du p\u00e9dagogue sovi\u00e9tique Anton Makarenko\u00a0: \u00a0Faire na\u00eetre en nous des perspectives d\u2019apr\u00e8s lesquelles s\u2019organiseront nos joies de demain.\u00a0 Ainsi, la perspective d\u00e9signe \u00e0 la fois une technique de repr\u00e9sentation spatiale, une esth\u00e9tique du paysage, une succession d\u2019\u00e9v\u00e9nements probables et un prisme de lecture du r\u00e9el. La science-fiction utilise ce concept pour d\u00e9stabiliser nos perceptions. En questionnant notre observation de l\u2019Univers, les illusions qui la distordent, autant que les vertiges qui en r\u00e9sultent, comment pouvons-nous finalement nous accorder sur des perspectives pour avancer, ensemble\u00a0?<\/p>\n<p>En raison <a href=\"https:\/\/nantes.maville.com\/actu\/actudet_-a-nantes-la-cite-des-congres-va-faire-peau-neuve-pour-40-millions-_52716-6156769_actu.Htm\" target=\"_self\" rel=\"nofollow noopener\">des travaux \u00e0 la cit\u00e9 des congr\u00e8s, le grand auditorium sera ferm\u00e9 toute cette saison<\/a>. Le festival les Utopiales occupera donc de nouveaux espaces dans le quartier, notamment le Lieu unique, l\u2019espace CIC Ouest et les ateliers de Bitche.<\/p>\n<p>Jeudi 10\u00a0septembre, \u00e0 11\u00a0h, ouverture de la billetterie sur <a href=\"https:\/\/www.utopiales.org\/\" target=\"_self\" rel=\"nofollow noopener\">www.utopiales.org.<\/a><\/p>\n<p>\u00a0<\/p>\n","protected":false},"excerpt":{"rendered":"L\u2019\u00e9t\u00e9 indien est l\u00e0, qui, pour les amateurs de science-fiction de Nantes et de Navarre annonce les Utopiales.&hellip;\n","protected":false},"author":2,"featured_media":1168119,"comment_status":"","ping_status":"","sticky":false,"template":"","format":"standard","meta":{"footnotes":"","_share_on_mastodon":"0"},"categories":[2818],"tags":[1111,11,1777,674,849,1011,27,2515,766,12,1113,69913,2636,48106,25,6689,2510,24648,9693],"class_list":["post-1168118","post","type-post","status-publish","format-standard","has-post-thumbnail","category-nantes","tag-actu","tag-actualites","tag-eu","tag-europe","tag-festival","tag-fr","tag-france","tag-grand","tag-nantes","tag-news","tag-nouvelles","tag-ouvriront","tag-pays-de-la-loire","tag-perspectives","tag-republique-francaise","tag-roche","tag-science-fiction","tag-utopiales","tag-yon"],"share_on_mastodon":{"url":"","error":""},"_links":{"self":[{"href":"https:\/\/www.europesays.com\/fr\/wp-json\/wp\/v2\/posts\/1168118","targetHints":{"allow":["GET"]}}],"collection":[{"href":"https:\/\/www.europesays.com\/fr\/wp-json\/wp\/v2\/posts"}],"about":[{"href":"https:\/\/www.europesays.com\/fr\/wp-json\/wp\/v2\/types\/post"}],"author":[{"embeddable":true,"href":"https:\/\/www.europesays.com\/fr\/wp-json\/wp\/v2\/users\/2"}],"replies":[{"embeddable":true,"href":"https:\/\/www.europesays.com\/fr\/wp-json\/wp\/v2\/comments?post=1168118"}],"version-history":[{"count":0,"href":"https:\/\/www.europesays.com\/fr\/wp-json\/wp\/v2\/posts\/1168118\/revisions"}],"wp:featuredmedia":[{"embeddable":true,"href":"https:\/\/www.europesays.com\/fr\/wp-json\/wp\/v2\/media\/1168119"}],"wp:attachment":[{"href":"https:\/\/www.europesays.com\/fr\/wp-json\/wp\/v2\/media?parent=1168118"}],"wp:term":[{"taxonomy":"category","embeddable":true,"href":"https:\/\/www.europesays.com\/fr\/wp-json\/wp\/v2\/categories?post=1168118"},{"taxonomy":"post_tag","embeddable":true,"href":"https:\/\/www.europesays.com\/fr\/wp-json\/wp\/v2\/tags?post=1168118"}],"curies":[{"name":"wp","href":"https:\/\/api.w.org\/{rel}","templated":true}]}}