{"id":116813,"date":"2025-05-21T12:09:10","date_gmt":"2025-05-21T12:09:10","guid":{"rendered":"https:\/\/www.europesays.com\/fr\/116813\/"},"modified":"2025-05-21T12:09:10","modified_gmt":"2025-05-21T12:09:10","slug":"lasvel-de-tony-parker-epinglee","status":"publish","type":"post","link":"https:\/\/www.europesays.com\/fr\/116813\/","title":{"rendered":"l\u2019Asvel de Tony Parker \u00e9pingl\u00e9e"},"content":{"rendered":"<p>Le club de basket de Villeurbanne, l&rsquo;Asvel de <a href=\"https:\/\/www.ledauphine.com\/p\/tony-parker\" target=\"_blank\" rel=\"noopener\">Tony Parker<\/a>, est dans une situation financi\u00e8re \u00ab d\u00e9grad\u00e9e \u00bb et son mod\u00e8le \u00e9conomique n&rsquo;est pas \u00ab viable dans la dur\u00e9e \u00bb, \u00e9pingle la Chambre r\u00e9gionale des comptes (CRC) dans un rapport s\u00e9v\u00e8re publi\u00e9 mardi.<\/p>\n<p>La star du basket qui a repris en 2014 le club le plus titr\u00e9 de France (21 fois champion) pour en faire l&rsquo;un des grands clubs europ\u00e9ens, rappelle la chambre dans ce rapport qui porte sur les exercices 2018 \u00e0 2023.<\/p>\n<p>  \u00ab L&rsquo;Asvel Basket a eu le r\u00e9sultat net le plus n\u00e9gatif \u00bb<\/p>\n<p>Pour ce faire, il a recrut\u00e9 des joueurs plus chers, ce qui a port\u00e9 la masse salariale \u00e0 4,2 millions d&rsquo;euros en 2022-23, mais ses recettes n&rsquo;ont pas augment\u00e9 aussi vite.\u00a0<\/p>\n<p>Le r\u00e9sultat net du club est \u00ab n\u00e9gatif pour trois exercices sur cinq \u00bb, malgr\u00e9 le soutien financier des actionnaires et des aides de l&rsquo;Etat de 3,3 millions d&rsquo;euros au moment du Covid, rel\u00e8ve la CRC d&rsquo;Auvergne-Rh\u00f4ne-Alpes.<\/p>\n<p>Peu de clubs de Pro A ont un r\u00e9sultat d&rsquo;exploitation positif, mais en 2022\/2023 de tous ces clubs, soit la situation financi\u00e8re \u00ab la plus d\u00e9grad\u00e9e \u00bb, ajoute-t-elle.<\/p>\n<p>Son mod\u00e8le \u00e9conomique, \u00ab structurellement d\u00e9ficitaire \u00bb, \u00ab appara\u00eet d\u00e8s lors non viable dans la dur\u00e9e \u00bb, tance la CRC.<\/p>\n<p>  Tony Parker a mis de l&rsquo;argent de sa poche pour combler les d\u00e9ficits<\/p>\n<p>Le club a bien essay\u00e9 de g\u00e9n\u00e9rer de nouvelles recettes de partenariat mais n&rsquo;a \u00ab pas mis en place de m\u00e9canisme de garantie pour s&rsquo;assurer des capacit\u00e9s financi\u00e8res des futurs parrains \u00bb et s&rsquo;est mis dans une situation \u00ab risqu\u00e9e \u00bb avec la d\u00e9faillance de ses deux principaux parrains, rel\u00e8ve la CRC.<\/p>\n<p>Le premier, Smart Good things, sp\u00e9cialiste des boissons \u00e9nergisantes, s&rsquo;\u00e9tait engag\u00e9 \u00e0 verser 2,4 millions euros \u00e0 partir de juillet 2022 mais a ramen\u00e9 cette somme \u00e0 2,1 millions en raison de ses propres difficult\u00e9s financi\u00e8res qui, selon la CRC, \u00e9taient connues \u00ab avant m\u00eame la signature du contrat avec l&rsquo;Asvel \u00bb.<\/p>\n<p>Mais ce sont les d\u00e9faillances de la plate-forme Skweek, propri\u00e9t\u00e9 de l&rsquo;homme d&rsquo;affaires russo-hongro-mon\u00e9gasque Alexe\u00ef Fedoritchev, qui p\u00e8sent le plus sur les finances de l&rsquo;Asvel. Skweek devait en effet lui verser sept millions d&rsquo;euros par saison, sur trois exercices, \u00e0 partir de 2023\/2024 mais n&rsquo;a pay\u00e9 que deux millions, selon la chambre.<\/p>\n<p>\u00ab Le contexte g\u00e9opolitique aurait pu \u00eatre pris en compte pour d\u00e9terminer la solidit\u00e9 financi\u00e8re \u00bb de ce partenaire, rel\u00e8ve la CRC.<\/p>\n<p>Tony Parker avait r\u00e9v\u00e9l\u00e9 en mars au Progr\u00e8s avoir mis de l&rsquo;argent de sa poche pour combler les d\u00e9ficits et a mis en demeure Sweek de respecter son contrat.<\/p>\n","protected":false},"excerpt":{"rendered":"Le club de basket de Villeurbanne, l&rsquo;Asvel de Tony Parker, est dans une situation financi\u00e8re \u00ab d\u00e9grad\u00e9e \u00bb&hellip;\n","protected":false},"author":2,"featured_media":116814,"comment_status":"","ping_status":"","sticky":false,"template":"","format":"standard","meta":{"footnotes":""},"categories":[1888],"tags":[1111,1928,11,1927,1791,33,1777,674,107,1701,1011,27,12,1926,626,1925,25,517],"class_list":{"0":"post-116813","1":"post","2":"type-post","3":"status-publish","4":"format-standard","5":"has-post-thumbnail","7":"category-paris","8":"tag-actu","9":"tag-actu-paris","10":"tag-actualites","11":"tag-actualites-paris","12":"tag-basket-ball","13":"tag-economie","14":"tag-eu","15":"tag-europe","16":"tag-fil-info","17":"tag-fil-info-sport","18":"tag-fr","19":"tag-france","20":"tag-news","21":"tag-news-paris","22":"tag-paris","23":"tag-paris-news","24":"tag-republique-francaise","25":"tag-sport"},"share_on_mastodon":{"url":"https:\/\/pubeurope.com\/@fr\/114545751939711908","error":""},"_links":{"self":[{"href":"https:\/\/www.europesays.com\/fr\/wp-json\/wp\/v2\/posts\/116813","targetHints":{"allow":["GET"]}}],"collection":[{"href":"https:\/\/www.europesays.com\/fr\/wp-json\/wp\/v2\/posts"}],"about":[{"href":"https:\/\/www.europesays.com\/fr\/wp-json\/wp\/v2\/types\/post"}],"author":[{"embeddable":true,"href":"https:\/\/www.europesays.com\/fr\/wp-json\/wp\/v2\/users\/2"}],"replies":[{"embeddable":true,"href":"https:\/\/www.europesays.com\/fr\/wp-json\/wp\/v2\/comments?post=116813"}],"version-history":[{"count":0,"href":"https:\/\/www.europesays.com\/fr\/wp-json\/wp\/v2\/posts\/116813\/revisions"}],"wp:featuredmedia":[{"embeddable":true,"href":"https:\/\/www.europesays.com\/fr\/wp-json\/wp\/v2\/media\/116814"}],"wp:attachment":[{"href":"https:\/\/www.europesays.com\/fr\/wp-json\/wp\/v2\/media?parent=116813"}],"wp:term":[{"taxonomy":"category","embeddable":true,"href":"https:\/\/www.europesays.com\/fr\/wp-json\/wp\/v2\/categories?post=116813"},{"taxonomy":"post_tag","embeddable":true,"href":"https:\/\/www.europesays.com\/fr\/wp-json\/wp\/v2\/tags?post=116813"}],"curies":[{"name":"wp","href":"https:\/\/api.w.org\/{rel}","templated":true}]}}