{"id":1168165,"date":"2026-09-05T03:39:39","date_gmt":"2026-09-05T03:39:39","guid":{"rendered":"https:\/\/www.europesays.com\/fr\/1168165\/"},"modified":"2026-09-05T03:39:39","modified_gmt":"2026-09-05T03:39:39","slug":"migrants-jordan-bardella-signe-un-faux-protocole-daccord-en-angleterre-critique-en-france","status":"publish","type":"post","link":"https:\/\/www.europesays.com\/fr\/1168165\/","title":{"rendered":"Migrants\u00a0: Jordan Bardella signe un faux protocole d\u2019accord en Angleterre, critiqu\u00e9 en France"},"content":{"rendered":"<p><a href=\"https:\/\/www.20minutes.fr\/politique\/jordan-bardella\/\" target=\"_blank\" class=\"c-link c-link--is-underlined\" rel=\"nofollow noopener\">Jordan Bardella<\/a> a affich\u00e9 vendredi \u00e0 Birmingham son rapprochement avec <a href=\"https:\/\/www.20minutes.fr\/monde\/angleterre\/4239164-20260814-angleterre-nigel-farage-reelu-depute-face-candidat-satirique-tete-poubelle\" target=\"_blank\" class=\"c-link c-link--is-underlined\" rel=\"nofollow noopener\">Nigel Farage<\/a> en signant avec le dirigeant de Reform UK un protocole d\u2019accord sur l\u2019<a href=\"https:\/\/www.20minutes.fr\/dossier\/immigration\" target=\"_blank\" class=\"c-link c-link--is-underlined\" rel=\"nofollow noopener\">immigration<\/a> entre la France et le Royaume-Uni. Le texte pr\u00e9voit que les Britanniques puissent \u00ab\u00a0renvoyer en France\u00a0\u00bb les personnes pr\u00e9sentes sur des bateaux intercept\u00e9s dans leurs eaux territoriales.<\/p>\n<p>Devant les militants de Reform UK, le pr\u00e9sident du <a href=\"https:\/\/www.20minutes.fr\/politique\/rassemblement-national\/\" target=\"_blank\" class=\"c-link c-link--is-underlined\" rel=\"nofollow noopener\">Rassemblement national<\/a> a prononc\u00e9 un discours d\u2019une vingtaine de minutes en anglais. Reprenant le slogan du <a href=\"https:\/\/www.20minutes.fr\/monde\/brexit\/\" target=\"_blank\" class=\"c-link c-link--is-underlined\" rel=\"nofollow noopener\">Brexit<\/a> \u00ab\u00a0take back control\u00a0\u00bb, il a estim\u00e9 que la France et le Royaume-Uni devaient \u00ab\u00a0ensemble reprendre le contr\u00f4le de leurs fronti\u00e8res\u00a0\u00bb. Il a \u00e9galement attaqu\u00e9 <a href=\"https:\/\/www.20minutes.fr\/politique\/emmanuel-macron\/\" target=\"_blank\" class=\"c-link c-link--is-underlined\" rel=\"nofollow noopener\">Emmanuel Macron<\/a>, accus\u00e9 d\u2019avoir \u00ab\u00a0\u00e9chou\u00e9 \u00e0 prot\u00e9ger la France\u00a0\u00bb contre l\u2019immigration.<\/p>\n<p>Nombreuses r\u00e9actions indign\u00e9es en France<\/p>\n<p>Jordan Bardella, appel\u00e9 \u00e0 Matignon en cas de victoire de <a href=\"https:\/\/www.20minutes.fr\/politique\/marine-le-pen\/\" target=\"_blank\" class=\"c-link c-link--is-underlined\" rel=\"nofollow noopener\">Marine Le\u00a0Pen<\/a> \u00e0 la <a href=\"https:\/\/www.20minutes.fr\/elections\/presidentielle\/\" target=\"_blank\" class=\"c-link c-link--is-underlined\" rel=\"nofollow noopener\">pr\u00e9sidentielle<\/a>, a assur\u00e9 qu\u2019un gouvernement RN \u00ab\u00a0fera tout ce qui est en son pouvoir pour que la France ne soit plus la porte d\u2019entr\u00e9e de l\u2019immigration clandestine vers le Royaume-Uni\u00a0\u00bb. Nigel Farage a de son c\u00f4t\u00e9 affirm\u00e9 que l\u2019accord emp\u00eacherait les migrants arriv\u00e9s en France dans le but de rejoindre le <a href=\"https:\/\/www.20minutes.fr\/monde\/royaume-uni\/\" target=\"_blank\" class=\"c-link c-link--is-underlined\" rel=\"nofollow noopener\">Royaume-Uni<\/a> d\u2019y parvenir.<\/p>\n<\/p>\n<p>La signature a rapidement provoqu\u00e9 des r\u00e9actions en France. <a href=\"https:\/\/www.20minutes.fr\/politique\/jean-luc-melenchon\/\" target=\"_blank\" class=\"c-link c-link--is-underlined\" rel=\"nofollow noopener\">Jean-Luc M\u00e9lenchon<\/a> a d\u00e9nonc\u00e9 sur X la perspective de voir la France devenir \u00ab\u00a0le garde-barri\u00e8re des Anglais\u00a0\u00bb, ajoutant que \u00ab\u00a0ne pas voter Le Pen en\u00a02027 devient une question de dignit\u00e9 nationale\u00a0\u00bb. <a href=\"https:\/\/www.20minutes.fr\/politique\/edouard-philippe\/\" target=\"_blank\" class=\"c-link c-link--is-underlined\" rel=\"nofollow noopener\">Edouard Philippe<\/a> a pour sa part \u00e9voqu\u00e9 un \u00ab\u00a0revirement\u00a0\u00bb du RN et s\u2019est interrog\u00e9 sur la position de Marine Le Pen.<\/p>\n<p>Jordan Bardella soutient Nigel Farage<\/p>\n<p><a href=\"https:\/\/www.20minutes.fr\/politique\/gabriel-attal\/\" target=\"_blank\" class=\"c-link c-link--is-underlined\" rel=\"nofollow noopener\">Gabriel Attal<\/a> a \u00e9galement critiqu\u00e9 l\u2019initiative, parlant d\u2019une \u00ab\u00a0faiblesse indigne\u00a0\u00bb de Jordan Bardella. L\u2019accord sign\u00e9 avec Nigel Farage intervient alors que Reform UK traverse une pol\u00e9mique apr\u00e8s la diffusion d\u2019un reportage montrant l\u2019un de ses proches collaborateurs proposer de contourner la loi afin d\u2019obtenir un financement \u00e9tranger.<\/p>\n<p><a href=\"https:\/\/www.20minutes.fr\/dossier\/immigration\" target=\"_blank\" class=\"c-link c-btn c-btn--primary\" rel=\"nofollow noopener\">Notre dossier sur l&rsquo;immigration<\/a><\/p>\n<p>Interrog\u00e9 sur cette affaire lors d\u2019une conf\u00e9rence de presse commune, Jordan Bardella a maintenu son soutien \u00e0 Nigel Farage. \u00ab\u00a0Cela ressemble quand m\u00eame \u00e0 un \u00e9cran de fum\u00e9e, comme il en existe d\u2019ailleurs dans toutes les d\u00e9mocraties \u00e0 l\u2019\u00e9gard des partis patriotes\u00a0\u00bb, a-t-il d\u00e9clar\u00e9, pr\u00e9cisant attendre \u00ab\u00a0les versions des uns et des autres\u00a0\u00bb et assurant que cette affaire ne remettrait pas en cause \u00ab\u00a0la coop\u00e9ration que nous sommes en train de construire\u00a0\u00bb.<\/p>\n","protected":false},"excerpt":{"rendered":"Jordan Bardella a affich\u00e9 vendredi \u00e0 Birmingham son rapprochement avec Nigel Farage en signant avec le dirigeant de&hellip;\n","protected":false},"author":2,"featured_media":1168166,"comment_status":"","ping_status":"","sticky":false,"template":"","format":"standard","meta":{"footnotes":"","_share_on_mastodon":"0"},"categories":[2],"tags":[47,11,1076,1011,27,1061,1077,12,316,25,473],"class_list":["post-1168165","post","type-post","status-publish","format-standard","has-post-thumbnail","category-actualites","tag-actualite","tag-actualites","tag-extreme-droite","tag-fr","tag-france","tag-immigration","tag-jordan-bardella","tag-news","tag-politique","tag-republique-francaise","tag-royaume-uni"],"share_on_mastodon":{"url":"https:\/\/pubeurope.com\/@fr\/117216356797844720","error":""},"_links":{"self":[{"href":"https:\/\/www.europesays.com\/fr\/wp-json\/wp\/v2\/posts\/1168165","targetHints":{"allow":["GET"]}}],"collection":[{"href":"https:\/\/www.europesays.com\/fr\/wp-json\/wp\/v2\/posts"}],"about":[{"href":"https:\/\/www.europesays.com\/fr\/wp-json\/wp\/v2\/types\/post"}],"author":[{"embeddable":true,"href":"https:\/\/www.europesays.com\/fr\/wp-json\/wp\/v2\/users\/2"}],"replies":[{"embeddable":true,"href":"https:\/\/www.europesays.com\/fr\/wp-json\/wp\/v2\/comments?post=1168165"}],"version-history":[{"count":0,"href":"https:\/\/www.europesays.com\/fr\/wp-json\/wp\/v2\/posts\/1168165\/revisions"}],"wp:featuredmedia":[{"embeddable":true,"href":"https:\/\/www.europesays.com\/fr\/wp-json\/wp\/v2\/media\/1168166"}],"wp:attachment":[{"href":"https:\/\/www.europesays.com\/fr\/wp-json\/wp\/v2\/media?parent=1168165"}],"wp:term":[{"taxonomy":"category","embeddable":true,"href":"https:\/\/www.europesays.com\/fr\/wp-json\/wp\/v2\/categories?post=1168165"},{"taxonomy":"post_tag","embeddable":true,"href":"https:\/\/www.europesays.com\/fr\/wp-json\/wp\/v2\/tags?post=1168165"}],"curies":[{"name":"wp","href":"https:\/\/api.w.org\/{rel}","templated":true}]}}