{"id":1168181,"date":"2026-09-05T03:58:38","date_gmt":"2026-09-05T03:58:38","guid":{"rendered":"https:\/\/www.europesays.com\/fr\/1168181\/"},"modified":"2026-09-05T03:58:38","modified_gmt":"2026-09-05T03:58:38","slug":"montmorillon-un-peintre-suisse-a-la-galerie-727","status":"publish","type":"post","link":"https:\/\/www.europesays.com\/fr\/1168181\/","title":{"rendered":"Montmorillon : un peintre suisse \u00e0 la Galerie 727"},"content":{"rendered":"<p>Pour quelques jours seulement, la Galerie 727 \u00e0 Montmorillon expose les \u0153uvres d\u2019un artiste venu tout sp\u00e9cialement de Gen\u00e8ve (Suisse). Philippe Del\u00e9glise, qui a d\u00e9j\u00e0 expos\u00e9 en France, mais aussi aux Pays-Bas, en Allemagne ou encore aux \u00c9tats-Unis, propose de d\u00e9couvrir son \u00e9tonnant travail&#8230;. <\/p>\n<p>    Cet article a \u00e9t\u00e9 tronqu\u00e9. Abonnez-vous pour lire l&rsquo;article complet sur notre site.<\/p>\n<p style=\"margin: 0 !important; padding: 0 !important; font-size: 12px !important;\">Cet article a \u00e9t\u00e9 tronqu\u00e9. Abonnez-vous pour lire l&rsquo;article complet.<\/p>\n<p>    <a href=\"https:\/\/www.lanouvellerepublique.fr\/abonnements\" style=\"display: inline-block; margin-top: 5px !important; padding: 6px 12px !important; background: #cb1c27; color: white; text-decoration: none; border-radius: 4px; font-size: 12px !important;\" rel=\"nofollow noopener\" target=\"_blank\"><br \/>\n      S&rsquo;abonner<br \/>\n    <\/a><\/p>\n","protected":false},"excerpt":{"rendered":"Pour quelques jours seulement, la Galerie 727 \u00e0 Montmorillon expose les \u0153uvres d\u2019un artiste venu tout sp\u00e9cialement de&hellip;\n","protected":false},"author":2,"featured_media":1168182,"comment_status":"","ping_status":"","sticky":false,"template":"","format":"standard","meta":{"footnotes":"","_share_on_mastodon":"0"},"categories":[1358],"tags":[1348,1384,1385,1674,1386,58,59,1349,1011,27,1393,27663],"class_list":["post-1168181","post","type-post","status-publish","format-standard","has-post-thumbnail","category-arts-et-design","tag-arts","tag-arts-and-design","tag-arts-et-design","tag-communes","tag-design","tag-divertissement","tag-entertainment","tag-expositions","tag-fr","tag-france","tag-loisirs","tag-montmorillon"],"share_on_mastodon":{"url":"https:\/\/pubeurope.com\/@fr\/117216431740153278","error":""},"_links":{"self":[{"href":"https:\/\/www.europesays.com\/fr\/wp-json\/wp\/v2\/posts\/1168181","targetHints":{"allow":["GET"]}}],"collection":[{"href":"https:\/\/www.europesays.com\/fr\/wp-json\/wp\/v2\/posts"}],"about":[{"href":"https:\/\/www.europesays.com\/fr\/wp-json\/wp\/v2\/types\/post"}],"author":[{"embeddable":true,"href":"https:\/\/www.europesays.com\/fr\/wp-json\/wp\/v2\/users\/2"}],"replies":[{"embeddable":true,"href":"https:\/\/www.europesays.com\/fr\/wp-json\/wp\/v2\/comments?post=1168181"}],"version-history":[{"count":0,"href":"https:\/\/www.europesays.com\/fr\/wp-json\/wp\/v2\/posts\/1168181\/revisions"}],"wp:featuredmedia":[{"embeddable":true,"href":"https:\/\/www.europesays.com\/fr\/wp-json\/wp\/v2\/media\/1168182"}],"wp:attachment":[{"href":"https:\/\/www.europesays.com\/fr\/wp-json\/wp\/v2\/media?parent=1168181"}],"wp:term":[{"taxonomy":"category","embeddable":true,"href":"https:\/\/www.europesays.com\/fr\/wp-json\/wp\/v2\/categories?post=1168181"},{"taxonomy":"post_tag","embeddable":true,"href":"https:\/\/www.europesays.com\/fr\/wp-json\/wp\/v2\/tags?post=1168181"}],"curies":[{"name":"wp","href":"https:\/\/api.w.org\/{rel}","templated":true}]}}