{"id":1168194,"date":"2026-09-05T04:07:18","date_gmt":"2026-09-05T04:07:18","guid":{"rendered":"https:\/\/www.europesays.com\/fr\/1168194\/"},"modified":"2026-09-05T04:07:18","modified_gmt":"2026-09-05T04:07:18","slug":"on-pensait-cet-anneau-de-lumiere-condamne-a-rester-theorique-hubble-la-photographie-62-ans-apres-einstein","status":"publish","type":"post","link":"https:\/\/www.europesays.com\/fr\/1168194\/","title":{"rendered":"On pensait cet anneau de lumi\u00e8re condamn\u00e9 \u00e0 rester th\u00e9orique : Hubble l&rsquo;a photographi\u00e9 62 ans apr\u00e8s Einstein"},"content":{"rendered":"<p class=\"gpsb-badge__text\">Vous aimez notre contenu ?<\/p>\n<p><a class=\"gpsb-badge__link no-adv\" data-ad-skip=\"true\" href=\"https:\/\/google.com\/preferences\/source?q=sciencepost.fr\" target=\"_blank\" rel=\"noopener sponsored nofollow\" aria-label=\"Ajoutez-nous \u00e0 vos favoris Google\">Ajoutez-nous \u00e0 vos<br \/>favoris Google<\/a><\/p>\n<p class=\"wp-block-paragraph\">Il existe des id\u00e9es si audacieuses que leur propre cr\u00e9ateur doute qu\u2019elles puissent un jour \u00eatre v\u00e9rifi\u00e9es. C\u2019est exactement ce qui s\u2019est produit avec l\u2019un des ph\u00e9nom\u00e8nes les plus fascinants de la physique moderne : un anneau de lumi\u00e8re parfait, n\u00e9 de la d\u00e9formation de l\u2019espace-temps par la gravit\u00e9. Son concepteur, persuad\u00e9 que personne ne pourrait jamais l\u2019observer, l\u2019avait presque rel\u00e9gu\u00e9 au rang de curiosit\u00e9 math\u00e9matique sans avenir. Il aura fallu attendre plusieurs d\u00e9cennies et l\u2019arriv\u00e9e d\u2019un t\u00e9lescope capable de scruter les confins de l\u2019univers pour que cette pr\u00e9diction sorte enfin des \u00e9quations et prenne la forme d\u2019une v\u00e9ritable photographie.<\/p>\n<p><strong>\u00c0 retenir<\/strong><\/p>\n<ul class=\"wp-block-list spw-key-points__list\">&#13;<\/p>\n<li>En 1936, Einstein calcule les conditions de formation d\u2019un anneau de lumi\u00e8re d\u00fb \u00e0 la courbure de l\u2019espace-temps, mais juge son observation quasiment impossible.<\/li>\n<p>&#13;<\/p>\n<li>En 1998, le t\u00e9lescope spatial Hubble photographie un anneau d\u2019Einstein complet gr\u00e2ce \u00e0 l\u2019alignement fortuit de deux galaxies lointaines.<\/li>\n<p>&#13;<\/p>\n<li>Ce ph\u00e9nom\u00e8ne, appel\u00e9 lentille gravitationnelle, est devenu un outil essentiel pour mesurer la masse des amas de galaxies, y compris la mati\u00e8re noire, et observer des objets lointains.<\/li>\n<p>&#13;\n<\/ul>\n<p>Einstein pr\u00e9dit l\u2019impossible \u00e0 photographier<\/p>\n<p class=\"wp-block-paragraph\">En travaillant sur sa th\u00e9orie de la relativit\u00e9 g\u00e9n\u00e9rale, <strong>Albert Einstein<\/strong> comprend que la lumi\u00e8re n\u2019\u00e9chappe pas \u00e0 l\u2019influence de la gravit\u00e9. Un objet suffisamment massif, comme une \u00e9toile ou une galaxie, peut courber l\u2019espace-temps au point de d\u00e9vier les rayons lumineux qui passent \u00e0 proximit\u00e9. Dans un cas de figure tr\u00e8s particulier, lorsque l\u2019observateur, la source de lumi\u00e8re et l\u2019objet massif sont parfaitement align\u00e9s, cette d\u00e9viation produit un effet spectaculaire : la lumi\u00e8re de l\u2019objet lointain se retrouve \u00e9tir\u00e9e en un cercle presque parfait autour de la masse qui la d\u00e9vie. C\u2019est ce que l\u2019on appelle aujourd\u2019hui un anneau d\u2019Einstein.<\/p>\n<p class=\"wp-block-paragraph\">Le probl\u00e8me, c\u2019est qu\u2019Einstein lui-m\u00eame juge ce ph\u00e9nom\u00e8ne quasiment impossible \u00e0 observer avec les moyens de son \u00e9poque. Dans un article publi\u00e9 en 1936, il calcule les conditions n\u00e9cessaires \u00e0 l\u2019apparition d\u2019un tel anneau, mais conclut qu\u2019un alignement aussi pr\u00e9cis entre plusieurs corps c\u00e9lestes rel\u00e8ve presque du hasard cosmique. Les instruments d\u2019observation des ann\u00e9es 1930 ne permettent tout simplement pas de d\u00e9tecter des d\u00e9tails aussi fins \u00e0 des distances aussi vertigineuses. L\u2019id\u00e9e reste donc cantonn\u00e9e aux <strong>pages de calcul<\/strong>, consid\u00e9r\u00e9e par beaucoup comme une \u00e9l\u00e9gante curiosit\u00e9 th\u00e9orique sans application pratique.<\/p>\n<p>Hubble d\u00e9joue le scepticisme du g\u00e9nie<\/p>\n<p class=\"wp-block-paragraph\">Il faudra attendre plusieurs d\u00e9cennies et une avanc\u00e9e technologique majeure pour que cette pr\u00e9diction change de statut. Avec le lancement du t\u00e9lescope spatial <strong>Hubble<\/strong> \u00e0 la fin des ann\u00e9es 1980, l\u2019astronomie franchit un cap d\u00e9cisif : pour la premi\u00e8re fois, il devient possible d\u2019observer l\u2019univers sans les perturbations de l\u2019atmosph\u00e8re terrestre, avec une nettet\u00e9 encore jamais atteinte depuis le sol.<\/p>\n<p class=\"wp-block-paragraph\">C\u2019est ainsi qu\u2019en 1998, soit 62 ans apr\u00e8s les calculs d\u2019Einstein, Hubble parvient \u00e0 photographier un v\u00e9ritable anneau de lumi\u00e8re complet, r\u00e9sultat de l\u2019alignement fortuit entre deux galaxies lointaines. L\u2019image, bien que discr\u00e8te au premier regard, constitue une r\u00e9volution silencieuse : elle confirme de mani\u00e8re \u00e9clatante une pr\u00e9diction que son propre auteur jugeait vou\u00e9e \u00e0 rester th\u00e9orique. Ce clich\u00e9 marque un tournant, transformant un concept abstrait en une <strong>preuve visuelle<\/strong> tangible de la courbure de l\u2019espace-temps.<\/p>\n<p><img loading=\"lazy\" decoding=\"async\" class=\"aligncenter size-full wp-image-356472\" src=\"https:\/\/www.europesays.com\/fr\/wp-content\/uploads\/2026\/09\/gravring_hst.jpg\" alt=\"\" width=\"497\" height=\"405\"  \/>Cr\u00e9dit : LJ King ( Universit\u00e9 de Manchester ), NICMOS , HST , NASA<\/p>\n<p>De la curiosit\u00e9 th\u00e9orique \u00e0 l\u2019outil d\u2019astronome<\/p>\n<p class=\"wp-block-paragraph\">Ce qui frappe le plus dans cette histoire, c\u2019est la vitesse \u00e0 laquelle une d\u00e9couverte jug\u00e9e anecdotique se transforme en outil scientifique incontournable. Une fois la preuve de concept \u00e9tablie, les astronomes r\u00e9alisent que ce ph\u00e9nom\u00e8ne, baptis\u00e9 plus largement <a href=\"https:\/\/sciencepost.fr\/?p=213986\" rel=\"nofollow noopener\" target=\"_blank\">lentille gravitationnelle<\/a>, ne se limite pas aux anneaux parfaits. Il englobe toutes les d\u00e9formations, arcs et images multiples produites par la gravit\u00e9 des objets massifs sur la lumi\u00e8re qui les traverse.<\/p>\n<p class=\"wp-block-paragraph\">Ce basculement change tout. L\u00e0 o\u00f9 Einstein voyait une bizarrerie math\u00e9matique impossible \u00e0 exploiter, les chercheurs d\u00e9couvrent un formidable levier d\u2019observation. En utilisant des amas de galaxies comme de v\u00e9ritables <strong>loupes cosmiques<\/strong>, il devient possible d\u2019amplifier la lumi\u00e8re d\u2019objets encore plus lointains et plus faibles, situ\u00e9s bien au-del\u00e0 de ce que les instruments pourraient capter seuls. Ce qui n\u2019\u00e9tait qu\u2019une curiosit\u00e9 th\u00e9orique devient une m\u00e9thode d\u2019observation \u00e0 part enti\u00e8re, r\u00e9guli\u00e8rement utilis\u00e9e dans les campagnes d\u2019imagerie spatiale.<\/p>\n<p>Ce que cette d\u00e9couverte change pour l\u2019astrophysique moderne<\/p>\n<p class=\"wp-block-paragraph\">Aujourd\u2019hui, les lentilles gravitationnelles jouent un r\u00f4le central dans plusieurs domaines de recherche. Elles permettent notamment d\u2019estimer la masse totale d\u2019un amas de galaxies, mati\u00e8re noire comprise, en mesurant pr\u00e9cis\u00e9ment la d\u00e9formation qu\u2019il impose \u00e0 la lumi\u00e8re des objets situ\u00e9s derri\u00e8re lui. Cette technique offre ainsi un moyen indirect mais redoutablement efficace de sonder une mati\u00e8re qui reste invisible par tout autre biais.<\/p>\n<p class=\"wp-block-paragraph\">Les grands relev\u00e9s spatiaux actuels continuent d\u2019exploiter ce principe pour repousser les limites de l\u2019observable. Chaque nouvel anneau ou arc d\u00e9tect\u00e9 vient enrichir une base de donn\u00e9es pr\u00e9cieuse, aidant \u00e0 mieux comprendre la r\u00e9partition de la mati\u00e8re dans l\u2019univers et l\u2019histoire de son expansion. Il est presque vertigineux de penser qu\u2019un ph\u00e9nom\u00e8ne qu\u2019Einstein jugeait ind\u00e9tectable est devenu, moins d\u2019un si\u00e8cle plus tard, l\u2019un des outils les plus <strong>fiables<\/strong> de l\u2019astrophysique contemporaine.<\/p>\n<p class=\"wp-block-paragraph\">Cette trajectoire, du scepticisme initial \u00e0 l\u2019application quotidienne, illustre \u00e0 merveille la mani\u00e8re dont la science progresse par \u00e9tapes, parfois lentes, parfois fulgurantes. Elle rappelle aussi qu\u2019un chercheur, aussi brillant soit-il, ne peut pas toujours anticiper les avanc\u00e9es technologiques qui viendront confirmer ou d\u00e9passer ses propres intuitions. Alors, combien d\u2019autres id\u00e9es jug\u00e9es aujourd\u2019hui irr\u00e9alisables attendent simplement le bon instrument pour devenir, \u00e0 leur tour, une \u00e9vidence scientifique ?<\/p>\n","protected":false},"excerpt":{"rendered":"Vous aimez notre contenu ? Ajoutez-nous \u00e0 vosfavoris Google Il existe des id\u00e9es si audacieuses que leur propre&hellip;\n","protected":false},"author":2,"featured_media":1168195,"comment_status":"","ping_status":"","sticky":false,"template":"","format":"standard","meta":{"footnotes":"","_share_on_mastodon":"0"},"categories":[7],"tags":[1011,27,56,43,40,41,39,42,44],"class_list":["post-1168194","post","type-post","status-publish","format-standard","has-post-thumbnail","category-sciences-et-technologies","tag-fr","tag-france","tag-push","tag-science","tag-science-and-technology","tag-sciences","tag-sciences-et-technologies","tag-technologies","tag-technology"],"share_on_mastodon":{"url":"https:\/\/pubeurope.com\/@fr\/117216468673870811","error":""},"_links":{"self":[{"href":"https:\/\/www.europesays.com\/fr\/wp-json\/wp\/v2\/posts\/1168194","targetHints":{"allow":["GET"]}}],"collection":[{"href":"https:\/\/www.europesays.com\/fr\/wp-json\/wp\/v2\/posts"}],"about":[{"href":"https:\/\/www.europesays.com\/fr\/wp-json\/wp\/v2\/types\/post"}],"author":[{"embeddable":true,"href":"https:\/\/www.europesays.com\/fr\/wp-json\/wp\/v2\/users\/2"}],"replies":[{"embeddable":true,"href":"https:\/\/www.europesays.com\/fr\/wp-json\/wp\/v2\/comments?post=1168194"}],"version-history":[{"count":0,"href":"https:\/\/www.europesays.com\/fr\/wp-json\/wp\/v2\/posts\/1168194\/revisions"}],"wp:featuredmedia":[{"embeddable":true,"href":"https:\/\/www.europesays.com\/fr\/wp-json\/wp\/v2\/media\/1168195"}],"wp:attachment":[{"href":"https:\/\/www.europesays.com\/fr\/wp-json\/wp\/v2\/media?parent=1168194"}],"wp:term":[{"taxonomy":"category","embeddable":true,"href":"https:\/\/www.europesays.com\/fr\/wp-json\/wp\/v2\/categories?post=1168194"},{"taxonomy":"post_tag","embeddable":true,"href":"https:\/\/www.europesays.com\/fr\/wp-json\/wp\/v2\/tags?post=1168194"}],"curies":[{"name":"wp","href":"https:\/\/api.w.org\/{rel}","templated":true}]}}