{"id":1168200,"date":"2026-09-05T04:11:18","date_gmt":"2026-09-05T04:11:18","guid":{"rendered":"https:\/\/www.europesays.com\/fr\/1168200\/"},"modified":"2026-09-05T04:11:18","modified_gmt":"2026-09-05T04:11:18","slug":"une-trentaine-de-personnes-evacuees-plus-de-150-hectares-parcourus-routes-fermees-ce-que-lon-sait-de-lincendie-dans-la-haute-vallee-de-laude","status":"publish","type":"post","link":"https:\/\/www.europesays.com\/fr\/1168200\/","title":{"rendered":"Une trentaine de personnes \u00e9vacu\u00e9es, plus de 150 hectares parcourus, routes ferm\u00e9es : ce que l&rsquo;on sait de l&rsquo;incendie dans la haute vall\u00e9e de l&rsquo;Aude"},"content":{"rendered":"<p>\n                                                                Un incendie s&rsquo;est \u00e0 nouveau d\u00e9clench\u00e9 pr\u00e8s de la commune de Puilaurens dans la Haute Vall\u00e9e de l&rsquo;Aude. Voici le point de situation \u00e0 22 heures.\n                            <\/p>\n<p>Les pompiers l&rsquo;avaient annonc\u00e9 d\u00e8s 16 heures, ce feu \u00e9volue \u00ab\u00a0d\u00e9favorablement\u00a0\u00bb. Ce vendredi 4 septembre \u00e0 19 heures, la situation est particuli\u00e8rement pr\u00e9occupante dans le secteur de Puilaurens et de la Haute Vall\u00e9e de l&rsquo;Aude, non loin d&rsquo;o\u00f9 un incendie avait commenc\u00e9 ce mardi 1er septembre.\u00a0<\/p>\n<p>\u00c0 l&rsquo;heure actuelle, les flammes ont parcouru plus de 150 hectares, mobilisant 300 pompiers appuy\u00e9s par sept Canadair, deux avions Dash et l&rsquo;h\u00e9licopt\u00e8re Morane 11 ainsi que 25 gendarmes. Des renforts des d\u00e9partements limitrophes ont \u00e9t\u00e9 envoy\u00e9s dans la zone. 122 pompiers des Pyr\u00e9n\u00e9es-Orientales sont stationn\u00e9s \u00e0 Caudi\u00e8s-de-Fenouill\u00e8des.\u00a0<\/p>\n<p>Par mesure de pr\u00e9caution, 32 personnes ont \u00e9t\u00e9 \u00e9vacu\u00e9es du hameau de Lavagnac et ont trouv\u00e9 refuge dans une salle polyvalente de la commune voisine de Caudi\u00e8s-de-Fenouill\u00e8des dans les Pyr\u00e9n\u00e9es-Orientales. Le ch\u00e2teau de Puilaurens a \u00e9galement \u00e9t\u00e9\u00a0\u00e9vacu\u00e9.\u00a0<\/p>\n<p>La route d\u00e9partementale D117 est coup\u00e9e \u00e0 la circulation \u00e0 partir du rond-point de l&rsquo;Ours jusqu&rsquo;au hameau de Lapradelle.\u00a0<\/p>\n<p>Les conditions d&rsquo;accessibilit\u00e9 sont particuli\u00e8rement difficiles pour le travail au sol des soldats du feu et les conditions m\u00e9t\u00e9orologiques avec ces fortes chaleurs restent d\u00e9favorables. Cependant, si le feu reste actif, il \u00e9volue\u00a0pour l&rsquo;heure lentement. Les secours notent cependant que la situation devrait \u00eatre plus favorable durant la nuit avec un taux d&rsquo;humidit\u00e9 plus \u00e9lev\u00e9 et des temp\u00e9ratures plus basses.\u00a0<\/p>\n<p>\u00c0 la lev\u00e9e du jour, une reconnaissance a\u00e9rienne sera organis\u00e9e et permettra d&rsquo;estimer les besoins pour la suite des interventions.\u00a0<\/p>\n","protected":false},"excerpt":{"rendered":"Un incendie s&rsquo;est \u00e0 nouveau d\u00e9clench\u00e9 pr\u00e8s de la commune de Puilaurens dans la Haute Vall\u00e9e de l&rsquo;Aude.&hellip;\n","protected":false},"author":2,"featured_media":1168201,"comment_status":"","ping_status":"","sticky":false,"template":"","format":"standard","meta":{"footnotes":"","_share_on_mastodon":"0"},"categories":[4],"tags":[11,4086,436,1011,27,5383,35514,12,25],"class_list":["post-1168200","post","type-post","status-publish","format-standard","has-post-thumbnail","category-france","tag-actualites","tag-aude","tag-environnement","tag-fr","tag-france","tag-incendies","tag-narbonne","tag-news","tag-republique-francaise"],"share_on_mastodon":{"url":"https:\/\/pubeurope.com\/@fr\/117216482718161566","error":""},"_links":{"self":[{"href":"https:\/\/www.europesays.com\/fr\/wp-json\/wp\/v2\/posts\/1168200","targetHints":{"allow":["GET"]}}],"collection":[{"href":"https:\/\/www.europesays.com\/fr\/wp-json\/wp\/v2\/posts"}],"about":[{"href":"https:\/\/www.europesays.com\/fr\/wp-json\/wp\/v2\/types\/post"}],"author":[{"embeddable":true,"href":"https:\/\/www.europesays.com\/fr\/wp-json\/wp\/v2\/users\/2"}],"replies":[{"embeddable":true,"href":"https:\/\/www.europesays.com\/fr\/wp-json\/wp\/v2\/comments?post=1168200"}],"version-history":[{"count":0,"href":"https:\/\/www.europesays.com\/fr\/wp-json\/wp\/v2\/posts\/1168200\/revisions"}],"wp:featuredmedia":[{"embeddable":true,"href":"https:\/\/www.europesays.com\/fr\/wp-json\/wp\/v2\/media\/1168201"}],"wp:attachment":[{"href":"https:\/\/www.europesays.com\/fr\/wp-json\/wp\/v2\/media?parent=1168200"}],"wp:term":[{"taxonomy":"category","embeddable":true,"href":"https:\/\/www.europesays.com\/fr\/wp-json\/wp\/v2\/categories?post=1168200"},{"taxonomy":"post_tag","embeddable":true,"href":"https:\/\/www.europesays.com\/fr\/wp-json\/wp\/v2\/tags?post=1168200"}],"curies":[{"name":"wp","href":"https:\/\/api.w.org\/{rel}","templated":true}]}}