{"id":1168204,"date":"2026-09-05T04:13:16","date_gmt":"2026-09-05T04:13:16","guid":{"rendered":"https:\/\/www.europesays.com\/fr\/1168204\/"},"modified":"2026-09-05T04:13:16","modified_gmt":"2026-09-05T04:13:16","slug":"saint-chamond-nouvel-echangeur-les-commercants-de-la-varizelle-ravis-les-autres-un-peu-moins","status":"publish","type":"post","link":"https:\/\/www.europesays.com\/fr\/1168204\/","title":{"rendered":"Saint-Chamond. Nouvel \u00e9changeur\u00a0: les commer\u00e7ants de la Varizelle ravis, les autres un peu moins"},"content":{"rendered":"<p>Depuis le 28\u00a0ao\u00fbt, le nouveau demi-\u00e9changeur de la Varizelle est ouvert \u00e0 la circulation. D\u00e9sormais, les automobilistes arrivant de la vall\u00e9e du Gier direction Saint-\u00c9tienne peuvent acc\u00e9der directement \u00e0 la zone commerciale via la sortie num\u00e9ro\u00a017.<\/p>\n<p>Ils peuvent en repartir tout aussi directement, avec une entr\u00e9e sur la Nationale 88 direction Lyon depuis le rond-point situ\u00e9 \u00e0 c\u00f4t\u00e9 de l\u2019Ar\u00e9na, mais \u00e9galement un acc\u00e8s rapide direction Saint-\u00c9tienne en traversant le nouveau pont.<\/p>\n<p>Alors forc\u00e9ment, du c\u00f4t\u00e9 des commer\u00e7ants de la zone de la Varizelle, on est plut\u00f4t tr\u00e8s contents. L\u2019\u00e9quipement \u00e9tait attendu depuis des ann\u00e9es, afin de renforcer l\u2019attractivit\u00e9 de leur secteur et dynamiser leurs activit\u00e9s. Notamment en fluidifiant la circulation en fin de journ\u00e9e,&#8230;<\/p>\n","protected":false},"excerpt":{"rendered":"Depuis le 28\u00a0ao\u00fbt, le nouveau demi-\u00e9changeur de la Varizelle est ouvert \u00e0 la circulation. D\u00e9sormais, les automobilistes arrivant&hellip;\n","protected":false},"author":2,"featured_media":1168205,"comment_status":"","ping_status":"","sticky":false,"template":"","format":"standard","meta":{"footnotes":"","_share_on_mastodon":"0"},"categories":[9653],"tags":[1111,11,2430,3542,4406,33,7539,1777,674,1011,27,12,25,9669,9670,4001,2803],"class_list":["post-1168204","post","type-post","status-publish","format-standard","has-post-thumbnail","category-saint-etienne","tag-actu","tag-actualites","tag-auvergne-rhone-alpes","tag-circulation","tag-commerce-et-services","tag-economie","tag-edition-loire-sud","tag-eu","tag-europe","tag-fr","tag-france","tag-news","tag-republique-francaise","tag-saint-chamond","tag-saint-chamond-ville","tag-saint-etienne","tag-transport"],"share_on_mastodon":{"url":"https:\/\/pubeurope.com\/@fr\/117216490847231904","error":""},"_links":{"self":[{"href":"https:\/\/www.europesays.com\/fr\/wp-json\/wp\/v2\/posts\/1168204","targetHints":{"allow":["GET"]}}],"collection":[{"href":"https:\/\/www.europesays.com\/fr\/wp-json\/wp\/v2\/posts"}],"about":[{"href":"https:\/\/www.europesays.com\/fr\/wp-json\/wp\/v2\/types\/post"}],"author":[{"embeddable":true,"href":"https:\/\/www.europesays.com\/fr\/wp-json\/wp\/v2\/users\/2"}],"replies":[{"embeddable":true,"href":"https:\/\/www.europesays.com\/fr\/wp-json\/wp\/v2\/comments?post=1168204"}],"version-history":[{"count":0,"href":"https:\/\/www.europesays.com\/fr\/wp-json\/wp\/v2\/posts\/1168204\/revisions"}],"wp:featuredmedia":[{"embeddable":true,"href":"https:\/\/www.europesays.com\/fr\/wp-json\/wp\/v2\/media\/1168205"}],"wp:attachment":[{"href":"https:\/\/www.europesays.com\/fr\/wp-json\/wp\/v2\/media?parent=1168204"}],"wp:term":[{"taxonomy":"category","embeddable":true,"href":"https:\/\/www.europesays.com\/fr\/wp-json\/wp\/v2\/categories?post=1168204"},{"taxonomy":"post_tag","embeddable":true,"href":"https:\/\/www.europesays.com\/fr\/wp-json\/wp\/v2\/tags?post=1168204"}],"curies":[{"name":"wp","href":"https:\/\/api.w.org\/{rel}","templated":true}]}}