{"id":1168206,"date":"2026-09-05T04:14:12","date_gmt":"2026-09-05T04:14:12","guid":{"rendered":"https:\/\/www.europesays.com\/fr\/1168206\/"},"modified":"2026-09-05T04:14:12","modified_gmt":"2026-09-05T04:14:12","slug":"radars-a-saint-etienne-et-dans-la-loire-voici-ou-ils-se-trouvent-sur-les-routes","status":"publish","type":"post","link":"https:\/\/www.europesays.com\/fr\/1168206\/","title":{"rendered":"Radars \u00e0 Saint-\u00c9tienne et dans la Loire : voici o\u00f9 ils se trouvent sur les routes"},"content":{"rendered":"<p>                    Par<br \/>\n        <strong><br \/>\n            <a href=\"https:\/\/actu.fr\/auteur\/julien-sournies\" title=\"Consulter tous les articles de Julien Sournies\" rel=\"nofollow noopener\" target=\"_blank\">Julien Sournies<\/a><br \/>\n                    <\/strong><\/p>\n<p>        Publi\u00e9 le<\/p>\n<p>            5 sept. 2026 \u00e0 6h02        <\/p>\n<p>Ils sont plusieurs milliers \u00e0 donner quotidiennement des sueurs froides aux automobilistes au pied droit parfois un peu trop lourd. Selon les derni\u00e8res donn\u00e9es officielles de la S\u00e9curit\u00e9 routi\u00e8re, il y a exactement <strong>3 309 radars<\/strong> (d\u00e9tecteurs de vitesse ou de franchissement d\u2019un feu rouge ou d\u2019un passage \u00e0 niveau) r\u00e9partis \u00e0 ce jour aux quatre coins de la France. Mais savez-vous combien y en a-t-il dans le d\u00e9partement de la <a href=\"https:\/\/actu.fr\/auvergne-rhone-alpes\/loire_42\" rel=\"nofollow noopener\" target=\"_blank\">Loire<\/a> et o\u00f9 sont-ils exactement implant\u00e9s ?<\/p>\n<p>22 radars dans la Loire<\/p>\n<p class=\" wall-content\">actu.fr\u00a0s\u2019est ainsi procur\u00e9 la liste de tous les radars se trouvant au bord des axes routiers. Dans le d\u00e9partement lig\u00e9rien, on compte 22 radars fixes. Dans le d\u00e9tail, on en retrouve 14 de \u00ab\u00a0nouvelle g\u00e9n\u00e9ration\u00a0\u00bb, quatre feux rouges, deux discriminants et deux fixes classiques.<\/p>\n<p>    <a href=\"https:\/\/www.google.com\/maps\/d\/embed?mid=1TdlF7dj4ucpKIELk_Rqx4iyMFz82RWg&amp;ehbc=2E312F\" title=\"Ouvrie le lien\" rel=\"nofollow noopener\" target=\"_blank\">Cliquez ici pour visualiser le contenu<\/a><\/p>\n<p class=\" wall-content\"><strong>Voici o\u00f9 ils sont situ\u00e9s :<\/strong><\/p>\n<ul class=\" wall-content\">\n<li>Pouilly-sous-Charlieu, D482 (radar vitesse fixe de nouvelle g\u00e9n\u00e9ration)<\/li>\n<li>Mably, D43 (radar vitesse fixe de nouvelle g\u00e9n\u00e9ration)<\/li>\n<li>Roanne, D300 (2 radars vitesse fixe de nouvelle g\u00e9n\u00e9ration)<\/li>\n<li>Saint-\u00c9tienne-le-Molard, D1089 (radar vitesse fixe de nouvelle g\u00e9n\u00e9ration)<\/li>\n<li>Bellegarde-en-Forez, N88 (radar vitesse fixe de nouvelle g\u00e9n\u00e9ration)<\/li>\n<li>Chazelles-sur-Lyon, D12 (radar vitesse fixe de nouvelle g\u00e9n\u00e9ration)<\/li>\n<li>Curizu, D1082 (radar vitesse fixe de nouvelle g\u00e9n\u00e9ration)<\/li>\n<li>Veauche, D12 (radar vitesse fixe de nouvelle g\u00e9n\u00e9ration)<\/li>\n<li>Saint-Romain-le-Puy, D8 (radar vitesse fixe de nouvelle g\u00e9n\u00e9ration)<\/li>\n<li>Saint-Chamond, N88 (radar vitesse fixe discriminant)<\/li>\n<li>Saint-\u00c9tienne, N88 (radar vitesse fixe de nouvelle g\u00e9n\u00e9ration)<\/li>\n<li>Saint-\u00c9tienne, N88 (radar vitesse fixe de nouvelle g\u00e9n\u00e9ration)<\/li>\n<li>Saint-\u00c9tienne, avenue de Rochetaill\u00e9e (radar de franchissement de feu rouge)<\/li>\n<li>Saint-\u00c9tienne, N88 (radar vitesse fixe)<\/li>\n<li>La Ricamarie, rue de la Lib\u00e9ration (2 radars de franchissement de feu rouge)<\/li>\n<li>Saint-Just-Malmont, D500 (radar vitesse fixe de nouvelle g\u00e9n\u00e9ration)<\/li>\n<\/ul>\n<p>Plus de 120 radars dans l\u2019Oise<\/p>\n<p class=\" wall-content\">Avec ses 22 radars fixes, la Loire se classe \u00e0 la 75\u1d49 place sur 100 des d\u00e9partements les plus \u00e9quip\u00e9s.<\/p>\n<p class=\" wall-content\">Comme indiqu\u00e9 par <a href=\"https:\/\/centrestagepermis.fr\/radars-fixes-par-departement\" rel=\"nofollow noopener\" target=\"_blank\">CentreStagePermis<\/a>, c\u2019est dans l\u2019Oise qu\u2019il y a le plus de radars, avec 128 qui sont fixes. La vitesse limite la plus fr\u00e9quente pour ces dispositifs est situ\u00e9e \u00e0 50 km\/h. \u00c0 contrario, en Loz\u00e8re, il n\u2019y a que sept radars, avec une vitesse limite moyenne fix\u00e9e entre 70 et 80 km\/h.\u00a0<\/p>\n<p class=\" wall-content\">\u00c0 noter \u00e9galement : contrairement \u00e0 ce que l\u2019on serait tent\u00e9 de croire, la majorit\u00e9 des radars fixes sont install\u00e9s sur des routes dont la vitesse est limit\u00e9e \u00e0 110 km\/h. Et pas sur des autoroutes, donc.<\/p>\n<p class=\" wall-content\">Personnalisez votre actualit\u00e9 en ajoutant vos villes et m\u00e9dias en favori avec <a href=\"https:\/\/moncompte.actu.fr\" title=\"D\u00e9couvez Mon Actu\" rel=\"nofollow noopener\" data-trk=\"{&quot;cta&quot;:{&quot;action&quot;:&quot;https:\\\/\\\/moncompte.actu.fr&quot;,&quot;category&quot;:&quot;mon compte&quot;,&quot;from&quot;:&quot;article footer&quot;,&quot;name&quot;:&quot;Mon actu&quot;,&quot;type&quot;:&quot;cta&quot;}}\" target=\"_blank\">Mon Actu<\/a>.<\/p>\n","protected":false},"excerpt":{"rendered":"Par Julien Sournies Publi\u00e9 le 5 sept. 2026 \u00e0 6h02 Ils sont plusieurs milliers \u00e0 donner quotidiennement des&hellip;\n","protected":false},"author":2,"featured_media":1168207,"comment_status":"","ping_status":"","sticky":false,"template":"","format":"standard","meta":{"footnotes":"","_share_on_mastodon":"0"},"categories":[9653],"tags":[1111,11,646,2430,1777,674,1011,27,12,6957,25,4001,5009,104],"class_list":["post-1168206","post","type-post","status-publish","format-standard","has-post-thumbnail","category-saint-etienne","tag-actu","tag-actualites","tag-automobile","tag-auvergne-rhone-alpes","tag-eu","tag-europe","tag-fr","tag-france","tag-news","tag-radars","tag-republique-francaise","tag-saint-etienne","tag-securite-routiere","tag-societe"],"share_on_mastodon":{"url":"https:\/\/pubeurope.com\/@fr\/117216494568647741","error":""},"_links":{"self":[{"href":"https:\/\/www.europesays.com\/fr\/wp-json\/wp\/v2\/posts\/1168206","targetHints":{"allow":["GET"]}}],"collection":[{"href":"https:\/\/www.europesays.com\/fr\/wp-json\/wp\/v2\/posts"}],"about":[{"href":"https:\/\/www.europesays.com\/fr\/wp-json\/wp\/v2\/types\/post"}],"author":[{"embeddable":true,"href":"https:\/\/www.europesays.com\/fr\/wp-json\/wp\/v2\/users\/2"}],"replies":[{"embeddable":true,"href":"https:\/\/www.europesays.com\/fr\/wp-json\/wp\/v2\/comments?post=1168206"}],"version-history":[{"count":0,"href":"https:\/\/www.europesays.com\/fr\/wp-json\/wp\/v2\/posts\/1168206\/revisions"}],"wp:featuredmedia":[{"embeddable":true,"href":"https:\/\/www.europesays.com\/fr\/wp-json\/wp\/v2\/media\/1168207"}],"wp:attachment":[{"href":"https:\/\/www.europesays.com\/fr\/wp-json\/wp\/v2\/media?parent=1168206"}],"wp:term":[{"taxonomy":"category","embeddable":true,"href":"https:\/\/www.europesays.com\/fr\/wp-json\/wp\/v2\/categories?post=1168206"},{"taxonomy":"post_tag","embeddable":true,"href":"https:\/\/www.europesays.com\/fr\/wp-json\/wp\/v2\/tags?post=1168206"}],"curies":[{"name":"wp","href":"https:\/\/api.w.org\/{rel}","templated":true}]}}