{"id":1168208,"date":"2026-09-05T04:15:15","date_gmt":"2026-09-05T04:15:15","guid":{"rendered":"https:\/\/www.europesays.com\/fr\/1168208\/"},"modified":"2026-09-05T04:15:15","modified_gmt":"2026-09-05T04:15:15","slug":"jespere-etre-a-la-hauteur-de-ce-lieu-ce-bistrot-historique-rouvre-ce-lundi-au-centre-ville-de-nancy","status":"publish","type":"post","link":"https:\/\/www.europesays.com\/fr\/1168208\/","title":{"rendered":"\u00ab\u00a0J&rsquo;esp\u00e8re \u00eatre \u00e0 la hauteur de ce lieu\u00a0\u00bb : ce bistrot historique rouvre ce lundi au centre-ville de Nancy"},"content":{"rendered":"<p>                    Par<br \/>\n        <strong><br \/>\n            <a href=\"https:\/\/actu.fr\/auteur\/pierre-emile-bouchy-actu-fr\" title=\"Consulter tous les articles de Paul-Emile Bouchy\" rel=\"nofollow noopener\" target=\"_blank\">Paul-Emile Bouchy<\/a><br \/>\n                    <\/strong><\/p>\n<p>        Publi\u00e9 le<\/p>\n<p>            4 sept. 2026 \u00e0 18h04        <\/p>\n<p>C\u2019est un lieu qui a vu passer des g\u00e9n\u00e9rations de Nanc\u00e9iens qui s\u2019appr\u00eate \u00e0 rouvrir ses portes. Dans le centre-ville de <a href=\"https:\/\/actu.fr\/grand-est\/nancy_54395\" rel=\"nofollow noopener\" target=\"_blank\">Nancy<\/a>, <strong>le bar des Carmes va rouvrir ce lundi 7\u00a0septembre 2026<\/strong>. La nouvelle g\u00e9rante, Delphine Bardoz, nous indique ce qu\u2019elle va proposer, tout en conservant l\u2019\u00e2me de ce lieu cr\u00e9\u00e9 en 1844.<\/p>\n<p>Des tapas et des happy hours au programme<\/p>\n<p class=\" wall-content\">Si l\u2019\u00e9tablissement s\u2019appr\u00eate \u00e0 ouvrir un nouveau chapitre, <strong>depuis l\u2019ext\u00e9rieur, rien ne semble avoir chang\u00e9<\/strong>\u2009: \u00ab\u2009C\u2019est un si bel endroit qu\u2019il \u00e9tait tr\u00e8s important pour moi de conserver les boiseries, la devanture. <strong>On ne touche \u00e0 rien.<\/strong>\u2009\u00bb<\/p>\n<p class=\" wall-content\">Le bistrot sera<strong> ouvert du lundi au samedi \u00e0 partir de 7h30<\/strong>. \u00ab\u2009Le midi, je vais proposer de la quiche avec de la salade verte. Le soir (sauf lundi et mardi), des tapas avec de la bonne charcuterie, du fromage et aussi des options v\u00e9g\u00e9tariennes\u2009\u00bb, pr\u00e9cise Mme Bardoz.<\/p>\n<p class=\" wall-content\">Une offre happy hour sera aussi propos\u00e9e jusqu\u2019\u00e0 20h.<\/p>\n<p>Garder l\u2019esprit de ce lieu historique<\/p>\n<p class=\" wall-content\">Pour Delphine Bardoz, qui \u00e9tait auparavant \u00e0 la t\u00eate de son restaurant \u00e0 G\u00e9rardmer (Vosges), il s\u2019agit d\u2019un nouveau d\u00e9fi\u2009: \u00ab\u2009J\u2019ai toujours travaill\u00e9 dans la restauration. <strong>Ici, j\u2019esp\u00e8re \u00eatre \u00e0 la hauteur de ce lieu<\/strong>.\u2009\u00bb<\/p>\n<p class=\" wall-content\">Elle souhaite <strong>conserver cet esprit \u00ab\u2009caf\u00e9 de quartier\u2009\u00bb,<\/strong> comme on en trouve souvent \u00e0 Paris\u2009: \u00ab\u2009On peut accueillir environ 20\u00a0personnes. J\u2019esp\u00e8re que les habitu\u00e9s vont revenir.\u2009\u00bb<\/p>\n<p class=\" wall-content\">Personnalisez votre actualit\u00e9 en ajoutant vos villes et m\u00e9dias en favori avec <a href=\"https:\/\/moncompte.actu.fr\" title=\"D\u00e9couvez Mon Actu\" rel=\"nofollow noopener\" data-trk=\"{&quot;cta&quot;:{&quot;action&quot;:&quot;https:\\\/\\\/moncompte.actu.fr&quot;,&quot;category&quot;:&quot;mon compte&quot;,&quot;from&quot;:&quot;article footer&quot;,&quot;name&quot;:&quot;Mon actu&quot;,&quot;type&quot;:&quot;cta&quot;}}\" target=\"_blank\">Mon Actu<\/a>.<\/p>\n","protected":false},"excerpt":{"rendered":"Par Paul-Emile Bouchy Publi\u00e9 le 4 sept. 2026 \u00e0 18h04 C\u2019est un lieu qui a vu passer des&hellip;\n","protected":false},"author":2,"featured_media":1168209,"comment_status":"","ping_status":"","sticky":false,"template":"","format":"standard","meta":{"footnotes":"","_share_on_mastodon":"0"},"categories":[9635],"tags":[1111,11,215,1777,674,1011,27,775,1702,12,3147,25,104],"class_list":["post-1168208","post","type-post","status-publish","format-standard","has-post-thumbnail","category-nancy","tag-actu","tag-actualites","tag-commerce","tag-eu","tag-europe","tag-fr","tag-france","tag-grand-est","tag-nancy","tag-news","tag-nouveaux-commerces","tag-republique-francaise","tag-societe"],"share_on_mastodon":{"url":"https:\/\/pubeurope.com\/@fr\/117216498567249766","error":""},"_links":{"self":[{"href":"https:\/\/www.europesays.com\/fr\/wp-json\/wp\/v2\/posts\/1168208","targetHints":{"allow":["GET"]}}],"collection":[{"href":"https:\/\/www.europesays.com\/fr\/wp-json\/wp\/v2\/posts"}],"about":[{"href":"https:\/\/www.europesays.com\/fr\/wp-json\/wp\/v2\/types\/post"}],"author":[{"embeddable":true,"href":"https:\/\/www.europesays.com\/fr\/wp-json\/wp\/v2\/users\/2"}],"replies":[{"embeddable":true,"href":"https:\/\/www.europesays.com\/fr\/wp-json\/wp\/v2\/comments?post=1168208"}],"version-history":[{"count":0,"href":"https:\/\/www.europesays.com\/fr\/wp-json\/wp\/v2\/posts\/1168208\/revisions"}],"wp:featuredmedia":[{"embeddable":true,"href":"https:\/\/www.europesays.com\/fr\/wp-json\/wp\/v2\/media\/1168209"}],"wp:attachment":[{"href":"https:\/\/www.europesays.com\/fr\/wp-json\/wp\/v2\/media?parent=1168208"}],"wp:term":[{"taxonomy":"category","embeddable":true,"href":"https:\/\/www.europesays.com\/fr\/wp-json\/wp\/v2\/categories?post=1168208"},{"taxonomy":"post_tag","embeddable":true,"href":"https:\/\/www.europesays.com\/fr\/wp-json\/wp\/v2\/tags?post=1168208"}],"curies":[{"name":"wp","href":"https:\/\/api.w.org\/{rel}","templated":true}]}}