{"id":1168210,"date":"2026-09-05T04:16:25","date_gmt":"2026-09-05T04:16:25","guid":{"rendered":"https:\/\/www.europesays.com\/fr\/1168210\/"},"modified":"2026-09-05T04:16:25","modified_gmt":"2026-09-05T04:16:25","slug":"nancy-a-quelle-heure-et-sur-quelle-chaine-suivre-le-match-de-la-5e-journee-de-ligue-2","status":"publish","type":"post","link":"https:\/\/www.europesays.com\/fr\/1168210\/","title":{"rendered":"Nancy : \u00e0 quelle heure et sur quelle cha\u00eene suivre le match de la 5e journ\u00e9e de Ligue 2 ?"},"content":{"rendered":"<p>Le FC Nantes re\u00e7oit l\u2019AS Nancy-Lorraine ce lundi 7 septembre 2026 \u00e0 20h45, au stade de la Beaujoire, en cl\u00f4ture de la 5e journ\u00e9e de Ligue 2 BKT. La rencontre sera diffus\u00e9e en direct sur beIN SPORTS 1. Cette affiche arrive \u00e0 un moment d\u00e9j\u00e0 important pour Nantes.<\/p>\n<p>Rel\u00e9gu\u00e9s de Ligue 1 au printemps dernier, les Canaris connaissent un d\u00e9but de saison tr\u00e8s compliqu\u00e9 : d\u00e9faite contre le Red Star (0-1), revers \u00e0 Laval (2-1), lourde d\u00e9faite face \u00e0 Rodez (2-5), puis nul spectaculaire \u00e0 Guingamp (3-3). Avec un seul point en quatre journ\u00e9es, Nantes occupe la 18e et derni\u00e8re place du championnat.<\/p>\n<p>Nantes \u00e0 la recherche de son premier succ\u00e8s<\/p>\n<p>La rencontre sera \u00e9galement particuli\u00e8re puisqu\u2019elle marquera les d\u00e9buts \u00e0 la Beaujoire de Gr\u00e9gory Poirier, arriv\u00e9 sur le banc apr\u00e8s le d\u00e9part de Michel Der Zakarian. Son \u00e9quipe avait montr\u00e9 du caract\u00e8re \u00e0 Guingamp en remontant deux buts de retard avant de conc\u00e9der l\u2019\u00e9galisation dans les derni\u00e8res secondes.<\/p>\n<p>L\u2019objectif est d\u00e9sormais clair : d\u00e9crocher enfin une premi\u00e8re victoire et lancer v\u00e9ritablement la saison nantaise. Nancy arrive avec davantage de s\u00e9r\u00e9nit\u00e9. L\u2019ASNL compte 7 points apr\u00e8s quatre journ\u00e9es : nul \u00e0 Boulogne (0-0), d\u00e9faite contre Montpellier (0-1), puis deux succ\u00e8s cons\u00e9cutifs \u00e0 Pau (1-0) et contre Dunkerque (2-0).<\/p>\n<p>Les Lorrains occupent ainsi une place dans le haut du classement et peuvent r\u00e9aliser une tr\u00e8s bonne op\u00e9ration en cas de r\u00e9sultat positif \u00e0 Nantes.<\/p>\n<p>Les compos probables<\/p>\n<p><strong>Nantes<\/strong> : Dup\u00e9 &#8211; Guilbert, Sow, Perrin, Tati, Tabibou &#8211; Lepenant, Hachem, Younoussa &#8211; Cafaro, Guirassy<\/p>\n<p><strong>Nancy<\/strong> : Basilio &#8211; Fernandez, Nahounou, Mendy, Ndenbe &#8211; Fofana, Kebe, Bouabdelli &#8211; Housni, Obougou, Fdaouch<\/p>\n<p>\u00a0<\/p>\n<p>   Partagez cette info avec vos amis et vos proches en cliquant ici<br \/> Pour r\u00e9sumer<\/p>\n<p>Lanterne rouge de Ligue 2 avec un seul point, le FC Nantes cherche sa premi\u00e8re victoire pour lancer sa saison. Les Canaris re\u00e7oivent l&rsquo;AS Nancy-Lorraine, en forme avec 7 points, pour les d\u00e9buts \u00e0 la Beaujoire du nouvel entra\u00eeneur Gr\u00e9gory Poirier.<\/p>\n<p>R\u00e9dacteur<\/p>\n<p><img decoding=\"async\" width=\"76\" height=\"76\" loading=\"lazy\" src=\"https:\/\/www.europesays.com\/fr\/wp-content\/uploads\/2025\/04\/avatar-onze.webp.webp\" alt=\"Nathan Bricout\"\/><\/p>\n","protected":false},"excerpt":{"rendered":"Le FC Nantes re\u00e7oit l\u2019AS Nancy-Lorraine ce lundi 7 septembre 2026 \u00e0 20h45, au stade de la Beaujoire,&hellip;\n","protected":false},"author":2,"featured_media":1168211,"comment_status":"","ping_status":"","sticky":false,"template":"","format":"standard","meta":{"footnotes":"","_share_on_mastodon":"0"},"categories":[9635],"tags":[1111,11,1777,674,1011,27,775,446,1702,12,25],"class_list":["post-1168210","post","type-post","status-publish","format-standard","has-post-thumbnail","category-nancy","tag-actu","tag-actualites","tag-eu","tag-europe","tag-fr","tag-france","tag-grand-est","tag-ligue-2","tag-nancy","tag-news","tag-republique-francaise"],"share_on_mastodon":{"url":"https:\/\/pubeurope.com\/@fr\/117216504099460064","error":""},"_links":{"self":[{"href":"https:\/\/www.europesays.com\/fr\/wp-json\/wp\/v2\/posts\/1168210","targetHints":{"allow":["GET"]}}],"collection":[{"href":"https:\/\/www.europesays.com\/fr\/wp-json\/wp\/v2\/posts"}],"about":[{"href":"https:\/\/www.europesays.com\/fr\/wp-json\/wp\/v2\/types\/post"}],"author":[{"embeddable":true,"href":"https:\/\/www.europesays.com\/fr\/wp-json\/wp\/v2\/users\/2"}],"replies":[{"embeddable":true,"href":"https:\/\/www.europesays.com\/fr\/wp-json\/wp\/v2\/comments?post=1168210"}],"version-history":[{"count":0,"href":"https:\/\/www.europesays.com\/fr\/wp-json\/wp\/v2\/posts\/1168210\/revisions"}],"wp:featuredmedia":[{"embeddable":true,"href":"https:\/\/www.europesays.com\/fr\/wp-json\/wp\/v2\/media\/1168211"}],"wp:attachment":[{"href":"https:\/\/www.europesays.com\/fr\/wp-json\/wp\/v2\/media?parent=1168210"}],"wp:term":[{"taxonomy":"category","embeddable":true,"href":"https:\/\/www.europesays.com\/fr\/wp-json\/wp\/v2\/categories?post=1168210"},{"taxonomy":"post_tag","embeddable":true,"href":"https:\/\/www.europesays.com\/fr\/wp-json\/wp\/v2\/tags?post=1168210"}],"curies":[{"name":"wp","href":"https:\/\/api.w.org\/{rel}","templated":true}]}}