{"id":116822,"date":"2025-05-21T12:14:14","date_gmt":"2025-05-21T12:14:14","guid":{"rendered":"https:\/\/www.europesays.com\/fr\/116822\/"},"modified":"2025-05-21T12:14:14","modified_gmt":"2025-05-21T12:14:14","slug":"la-chine-denonce-un-projet-qui-va-porter-atteinte-a-la-stabilite-mondiale","status":"publish","type":"post","link":"https:\/\/www.europesays.com\/fr\/116822\/","title":{"rendered":"la Chine d\u00e9nonce un projet qui va \u00ab\u00a0porter atteinte\u00a0\u00bb \u00e0 la \u00ab\u00a0stabilit\u00e9 mondiale\u00a0\u00bb"},"content":{"rendered":"<p class=\"article-p mdl\">P\u00e9kin a demand\u00e9 \u00e0 Washington \u00ab\u00a0d&rsquo;abandonner au plus vite\u00a0\u00bb, son projet de vaste bouclier antimissile, baptis\u00e9 \u00ab\u00a0D\u00f4me d&rsquo;or\u00a0\u00bb, annonc\u00e9 par Donald Trump mardi 20 mai. La Chine a estim\u00e9 qu&rsquo;il saperait la stabilit\u00e9 mondiale et a not\u00e9 qu&rsquo;il \u00e9tait \u00ab\u00a0marqu\u00e9 par une forte dimension offensive\u00a0\u00bb.\u00a0<\/p>\n<p class=\"article-p mdl\">\u00ab\u00a0J&rsquo;ai le plaisir d&rsquo;annoncer que nous avons officiellement s\u00e9lectionn\u00e9 une <strong>architecture pour ce syst\u00e8me dernier cri\u00a0\u00bb,<\/strong> a d\u00e9clar\u00e9\u00a0<a class=\"link\" href=\"https:\/\/www.rtl.fr\/actu\/international\/beyonce-bruce-springsteen-pourquoi-donald-trump-s-attaque-a-plusieurs-celebrites-americaines-7900507195\" target=\"_blank\" rel=\"nofollow noopener\">le pr\u00e9sident des \u00c9tats-Unis<\/a>\u00a0\u00e0 la presse dans le Bureau ovale de la Maison Blanche. Il a pr\u00e9cis\u00e9 que<strong> le Canada rejoindrait cette initiative<\/strong>.\u00a0<\/p>\n<p class=\"article-p mdl\">\u00ab\u00a0Le D\u00f4me d&rsquo;or sera capable <strong>d&rsquo;intercepter des missiles<\/strong> m\u00eame s&rsquo;ils sont lanc\u00e9s de l&rsquo;autre c\u00f4t\u00e9 de la Terre et <strong>m\u00eame s&rsquo;ils sont lanc\u00e9s depuis l&rsquo;espace<\/strong>\u00ab\u00a0, a ajout\u00e9 Donald Trump qui a indiqu\u00e9 que le syst\u00e8me serait op\u00e9rationnel d&rsquo;ici la fin de son mandat et co\u00fbterait au total \u00ab\u00a0environ 175 milliards de dollars une fois termin\u00e9\u00a0\u00bb.\u00a0<a class=\"link\" href=\"https:\/\/www.rtl.fr\/actu\/international\/chine-qu-est-ce-que-le-jiutian-ss-uav-ce-vaisseau-mere-capable-de-larguer-une-armee-de-drones-7900506993\" target=\"_blank\" rel=\"nofollow noopener\">La Chine<\/a>\u00a0a d\u00e9nonc\u00e9, mercredi 21 mai, un projet <strong>qui \u00ab\u00a0risque d&rsquo;acc\u00e9l\u00e9rer la militarisation de l&rsquo;espace <\/strong>ainsi que d&rsquo;alimenter la course aux armements\u00a0\u00bb.\u00a0<\/p>\n<p>            Un bouclier de d\u00e9fense antimissiles total<\/p>\n<p class=\"article-p mdl\">\u00ab\u00a0Cela porte atteinte \u00e0 l&rsquo;\u00e9quilibre strat\u00e9gique et \u00e0 la stabilit\u00e9 mondiale\u00a0\u00bb, a affirm\u00e9 Mao Ning, une porte-parole du minist\u00e8re chinois des Affaires \u00e9trang\u00e8res. \u00ab\u00a0La Chine exprime de s\u00e9rieuses inqui\u00e9tudes \u00e0 ce sujet. Nous exhortons les \u00c9tats-Unis <strong>\u00e0 abandonner au plus vite<\/strong> le d\u00e9veloppement et le d\u00e9ploiement d&rsquo;un <strong>syst\u00e8me mondial de d\u00e9fense antimissile<\/strong>\u00ab\u00a0, a-t-elle soulign\u00e9.<\/p>\n<p class=\"article-p mdl\">Selon une agence du Congr\u00e8s am\u00e9ricain, <strong>le co\u00fbt estim\u00e9<\/strong> d&rsquo;un syst\u00e8me d&rsquo;interception bas\u00e9 dans l&rsquo;espace pour contrer un nombre limit\u00e9 de missiles balistiques intercontinentaux est <strong>d&rsquo;entre 161 milliards de dollars et 542 milliards sur vingt ans<\/strong>. Donald Trump avait sign\u00e9 \u00e0 la fin du mois de janvier un d\u00e9cret pour d\u00e9velopper un \u00ab\u00a0d\u00f4me de fer am\u00e9ricain\u00a0\u00bb.\u00a0<\/p>\n<p class=\"article-p mdl\">Selon la Maison Blanche, il s&rsquo;agit <strong>d&rsquo;un bouclier de d\u00e9fense antimissiles total <\/strong>pour prot\u00e9ger le territoire am\u00e9ricain.\u00a0<a class=\"link\" href=\"https:\/\/www.rtl.fr\/actu\/international\/guerre-en-ukraine-ce-qu-il-faut-retenir-de-l-echange-entre-vladimir-poutine-et-donald-trump-7900506913\" target=\"_blank\" rel=\"nofollow noopener\">La Russie<\/a>\u00a0et la Chine avaient alors <strong>critiqu\u00e9 cette annonce<\/strong>, Moscou y voyant un plan \u00ab\u00a0comparable \u00e0 la guerre des \u00e9toiles\u00a0\u00bb soutenu par Ronald Reagan durant la Guerre froide.<\/p>\n<p>            \u00ab\u00a0Les menaces croissantes\u00a0\u00bb de la Russie et de la Chine<\/p>\n<p class=\"article-p mdl\">L&rsquo;expression \u00ab\u00a0D\u00f4me de fer\u00a0\u00bb fait r\u00e9f\u00e9rence \u00e0 l&rsquo;un des\u00a0<a class=\"link\" href=\"https:\/\/www.rtl.fr\/actu\/international\/israel-comment-fonctionne-le-dome-de-fer-puissant-systeme-de-defense-mis-en-defaut-par-le-hamas-7900307404\" target=\"_blank\" rel=\"nofollow noopener\">syst\u00e8mes de d\u00e9fense d&rsquo;Isra\u00ebl<\/a>, qui prot\u00e8ge le pays des attaques par missiles et roquettes mais aussi par drones. Ce syst\u00e8me a intercept\u00e9 des milliers de roquettes depuis sa mise en service en 2011.<strong> Il a un taux d&rsquo;interception d&rsquo;environ 90%<\/strong>, selon l&rsquo;entreprise militaire isra\u00e9lienne Rafael, qui a particip\u00e9 \u00e0 sa conception.<\/p>\n<p class=\"article-p mdl\">Les experts soulignent que ces syst\u00e8mes sont con\u00e7us \u00e0 l&rsquo;origine pour <strong>r\u00e9pondre \u00e0 des attaques men\u00e9es \u00e0 courte ou moyenne distance,<\/strong> et non pas pour intercepter des missiles \u00e0 port\u00e9e intercontinentale susceptibles de frapper les \u00c9tats-Unis. En 2022, la derni\u00e8re \u00e9valuation de l&rsquo;arm\u00e9e am\u00e9ricaine dans le domaine des missiles (Missile Defense Review) faisait \u00e9tat de <strong>menaces croissantes de la Russie et de la Chine.<\/strong><\/p>\n<p class=\"article-p mdl\">P\u00e9kin se rapproche de Washington en mati\u00e8re de missiles balistiques et hypersoniques, tandis que Moscou modernise ses syst\u00e8mes de missiles de port\u00e9e intercontinentale et am\u00e9liore ses missiles de pr\u00e9cision, selon ce document. Il affirme que<strong> la menace des drones est susceptible de s&rsquo;accro\u00eetre <\/strong>et met en garde contre le danger des missiles balistiques de la\u00a0<a class=\"link\" href=\"https:\/\/www.rtl.fr\/actu\/international\/ukraine-les-pertes-humaines-de-la-coree-du-nord-devoilees-par-les-services-secrets-sud-coreens-7900500021\" target=\"_blank\" rel=\"nofollow noopener\">Cor\u00e9e du Nord<\/a>\u00a0et de l&rsquo;Iran, ainsi que des menaces de roquettes et de missiles provenant d&rsquo;acteurs non \u00e9tatiques.<\/p>\n<p>    La r\u00e9daction vous recommande<\/p>\n<p class=\"s-newsletter__title\">\n                L\u2019actualit\u00e9 par la r\u00e9daction de RTL dans votre bo\u00eete mail.\n            <\/p>\n<p class=\"s-newsletter__subtitle\">\n                Gr\u00e2ce \u00e0 votre compte RTL abonnez-vous \u00e0 la newsletter RTL info pour suivre toute l&rsquo;actualit\u00e9 au quotidien\n            <\/p>\n<p>\n                                    Lire la suite\n                                <\/p>\n","protected":false},"excerpt":{"rendered":"P\u00e9kin a demand\u00e9 \u00e0 Washington \u00ab\u00a0d&rsquo;abandonner au plus vite\u00a0\u00bb, son projet de vaste bouclier antimissile, baptis\u00e9 \u00ab\u00a0D\u00f4me d&rsquo;or\u00a0\u00bb,&hellip;\n","protected":false},"author":2,"featured_media":116823,"comment_status":"","ping_status":"","sticky":false,"template":"","format":"standard","meta":{"footnotes":""},"categories":[1589],"tags":[11,309,75,73,1866,107,3343,12,1864,1865,1863,308],"class_list":{"0":"post-116822","1":"post","2":"type-post","3":"status-publish","4":"format-standard","5":"has-post-thumbnail","7":"category-etats-unis","8":"tag-actualites","9":"tag-chine","10":"tag-donald-trump","11":"tag-etats-unis","12":"tag-etats-unis-damerique","13":"tag-fil-info","14":"tag-missile","15":"tag-news","16":"tag-united-states","17":"tag-united-states-of-america","18":"tag-us","19":"tag-usa"},"share_on_mastodon":{"url":"https:\/\/pubeurope.com\/@fr\/114545771432891420","error":""},"_links":{"self":[{"href":"https:\/\/www.europesays.com\/fr\/wp-json\/wp\/v2\/posts\/116822","targetHints":{"allow":["GET"]}}],"collection":[{"href":"https:\/\/www.europesays.com\/fr\/wp-json\/wp\/v2\/posts"}],"about":[{"href":"https:\/\/www.europesays.com\/fr\/wp-json\/wp\/v2\/types\/post"}],"author":[{"embeddable":true,"href":"https:\/\/www.europesays.com\/fr\/wp-json\/wp\/v2\/users\/2"}],"replies":[{"embeddable":true,"href":"https:\/\/www.europesays.com\/fr\/wp-json\/wp\/v2\/comments?post=116822"}],"version-history":[{"count":0,"href":"https:\/\/www.europesays.com\/fr\/wp-json\/wp\/v2\/posts\/116822\/revisions"}],"wp:featuredmedia":[{"embeddable":true,"href":"https:\/\/www.europesays.com\/fr\/wp-json\/wp\/v2\/media\/116823"}],"wp:attachment":[{"href":"https:\/\/www.europesays.com\/fr\/wp-json\/wp\/v2\/media?parent=116822"}],"wp:term":[{"taxonomy":"category","embeddable":true,"href":"https:\/\/www.europesays.com\/fr\/wp-json\/wp\/v2\/categories?post=116822"},{"taxonomy":"post_tag","embeddable":true,"href":"https:\/\/www.europesays.com\/fr\/wp-json\/wp\/v2\/tags?post=116822"}],"curies":[{"name":"wp","href":"https:\/\/api.w.org\/{rel}","templated":true}]}}