{"id":1168230,"date":"2026-09-05T04:29:20","date_gmt":"2026-09-05T04:29:20","guid":{"rendered":"https:\/\/www.europesays.com\/fr\/1168230\/"},"modified":"2026-09-05T04:29:20","modified_gmt":"2026-09-05T04:29:20","slug":"alsace-greve-chez-volotea-les-vols-strasbourg-calvi-et-calvi-strasbourg-annules-samedi","status":"publish","type":"post","link":"https:\/\/www.europesays.com\/fr\/1168230\/","title":{"rendered":"Alsace. Gr\u00e8ve chez Volotea\u00a0: les vols Strasbourg-Calvi et Calvi-Strasbourg annul\u00e9s samedi"},"content":{"rendered":"<p>L\u2019appel \u00e0 la gr\u00e8ve \u00e9mane du Syndicat national des pilotes de ligne (SNPL) et de l\u2019Union des navigants de l\u2019aviation civile (Unac). Le SNPL d\u00e9nonce des \u00ab\u00a0conditions de travail difficiles\u00a0\u00bb, ainsi qu\u2019un niveau de r\u00e9mun\u00e9ration parmi les plus bas du march\u00e9.<\/p>\n<p>Au mois d\u2019ao\u00fbt, une grande partie des h\u00f4tesses et stewards de la compagnie EasyJet s\u2019\u00e9taient port\u00e9s gr\u00e9vistes, souhaitant revoir la stabilit\u00e9 de leurs plannings.<\/p>\n","protected":false},"excerpt":{"rendered":"L\u2019appel \u00e0 la gr\u00e8ve \u00e9mane du Syndicat national des pilotes de ligne (SNPL) et de l\u2019Union des navigants&hellip;\n","protected":false},"author":2,"featured_media":1168231,"comment_status":"","ping_status":"","sticky":false,"template":"","format":"standard","meta":{"footnotes":"","_share_on_mastodon":"0"},"categories":[2820],"tags":[1111,11,2389,33,1777,674,107,1011,27,775,12,25,640,602,2803],"class_list":["post-1168230","post","type-post","status-publish","format-standard","has-post-thumbnail","category-strasbourg","tag-actu","tag-actualites","tag-alsace","tag-economie","tag-eu","tag-europe","tag-fil-info","tag-fr","tag-france","tag-grand-est","tag-news","tag-republique-francaise","tag-strasbourg","tag-tourisme","tag-transport"],"share_on_mastodon":{"url":"https:\/\/pubeurope.com\/@fr\/117216553417722194","error":""},"_links":{"self":[{"href":"https:\/\/www.europesays.com\/fr\/wp-json\/wp\/v2\/posts\/1168230","targetHints":{"allow":["GET"]}}],"collection":[{"href":"https:\/\/www.europesays.com\/fr\/wp-json\/wp\/v2\/posts"}],"about":[{"href":"https:\/\/www.europesays.com\/fr\/wp-json\/wp\/v2\/types\/post"}],"author":[{"embeddable":true,"href":"https:\/\/www.europesays.com\/fr\/wp-json\/wp\/v2\/users\/2"}],"replies":[{"embeddable":true,"href":"https:\/\/www.europesays.com\/fr\/wp-json\/wp\/v2\/comments?post=1168230"}],"version-history":[{"count":0,"href":"https:\/\/www.europesays.com\/fr\/wp-json\/wp\/v2\/posts\/1168230\/revisions"}],"wp:featuredmedia":[{"embeddable":true,"href":"https:\/\/www.europesays.com\/fr\/wp-json\/wp\/v2\/media\/1168231"}],"wp:attachment":[{"href":"https:\/\/www.europesays.com\/fr\/wp-json\/wp\/v2\/media?parent=1168230"}],"wp:term":[{"taxonomy":"category","embeddable":true,"href":"https:\/\/www.europesays.com\/fr\/wp-json\/wp\/v2\/categories?post=1168230"},{"taxonomy":"post_tag","embeddable":true,"href":"https:\/\/www.europesays.com\/fr\/wp-json\/wp\/v2\/tags?post=1168230"}],"curies":[{"name":"wp","href":"https:\/\/api.w.org\/{rel}","templated":true}]}}