{"id":1168234,"date":"2026-09-05T04:32:59","date_gmt":"2026-09-05T04:32:59","guid":{"rendered":"https:\/\/www.europesays.com\/fr\/1168234\/"},"modified":"2026-09-05T04:32:59","modified_gmt":"2026-09-05T04:32:59","slug":"un-homme-meurt-apres-une-chute-en-pleine-rue-a-nice-la-circulation-coupee-un-perimetre-de-securite-en-place","status":"publish","type":"post","link":"https:\/\/www.europesays.com\/fr\/1168234\/","title":{"rendered":"Un homme meurt apr\u00e8s une chute en pleine rue \u00e0 Nice : la circulation coup\u00e9e, un p\u00e9rim\u00e8tre de s\u00e9curit\u00e9 en place"},"content":{"rendered":"<p>                    Par<br \/>\n        <strong><br \/>\n            <a href=\"https:\/\/actu.fr\/auteur\/manon-reinhardt\" title=\"Consulter tous les articles de Manon Reinhardt\" rel=\"nofollow noopener\" target=\"_blank\">Manon Reinhardt<\/a><br \/>\n                    <\/strong><\/p>\n<p>        Publi\u00e9 le<\/p>\n<p>            31 ao\u00fbt 2026 \u00e0 17h19        <\/p>\n<p>Le drame s\u2019est nou\u00e9 en d\u00e9but d\u2019apr\u00e8s-midi, \u00e0 14h15, dans le quartier du port de <a href=\"https:\/\/actu.fr\/nice\/\" rel=\"nofollow noopener\" target=\"_blank\">Nice<\/a>, rue Foresta. Un homme de 70\u00a0ans est d\u00e9c\u00e9d\u00e9<strong> apr\u00e8s avoir chut\u00e9 d\u2019environ 5\u00a0m\u00e8tres sur la voie publique<\/strong>, indiquent les sapeurs-pompiers. Sur place, un p\u00e9rim\u00e8tre de s\u00e9curit\u00e9 a \u00e9t\u00e9 \u00e9tabli par les forces de l\u2019ordre.<\/p>\n<p>Un \u00ab\u2009obstacle m\u00e9dico-l\u00e9gal\u2009\u00bb pour \u00e9tablir le certificat de d\u00e9c\u00e8s<\/p>\n<p class=\" wall-content\">La victime, prise en charge en arr\u00eat cardiorespiratoire, aurait chut\u00e9 de 5\u00a0m\u00e8tres \u00ab\u2009pour une raison ind\u00e9termin\u00e9e\u2009\u00bb, apprend-on des sapeurs-pompiers. Il s\u2019agit d\u2019un homme de 70\u00a0ans, selon les premiers \u00e9l\u00e9ments. Le d\u00e9c\u00e8s a \u00e9t\u00e9 constat\u00e9 par le m\u00e9decin du SMUR.<\/p>\n<p class=\" wall-content\">Mais ce dernier n\u2019a pas encore pu \u00e9tablir le certificat m\u00e9dical. En effet, les sapeurs-pompiers pr\u00e9cisent qu\u2019il y aurait <strong>un \u00ab\u2009obstacle m\u00e9dico-l\u00e9gal\u2009\u00bb<\/strong>. Ce terme est utilis\u00e9 en cas de mort suspecte, violente, accidentelle, de suicide ou de circonstances inconnues. Les autorit\u00e9s judiciaires doivent donc intervenir.<\/p>\n<p>La circulation coup\u00e9e dans la rue<\/p>\n<p class=\" wall-content\">Par ailleurs,<strong> les lieux ont \u00e9t\u00e9 s\u00e9curis\u00e9s<\/strong> et la circulation arr\u00eat\u00e9e. La police nationale est sur place.<\/p>\n<p>    <a href=\"https:\/\/www.google.com\/maps\/embed?pb=!4v1788189159639!6m8!1m7!1suOOLyF0l6-_HgA2ichxqHg!2m2!1d43.6952318083617!2d7.282775567567887!3f18.723037721671098!4f4.36354426323777!5f0.7820865974627469\" title=\"Ouvrie le lien\" rel=\"nofollow noopener\" target=\"_blank\">Cliquez ici pour visualiser le contenu<\/a><\/p>\n<p class=\" wall-content\">Les pompiers rappellent \u00e9galement \u00ab\u2009en pr\u00e9sence d\u2019une chute de hauteur, <strong>alertez imm\u00e9diatement le 112<\/strong>, ne d\u00e9placez pas la victime sauf danger imminent, d\u00e9gagez et balisez la zone pour faciliter l\u2019acc\u00e8s des secours, et \u00e9vitez tout attroupement ou prise d\u2019images susceptibles de g\u00eaner l\u2019intervention\u2009\u00bb.<\/p>\n<p class=\" wall-content\">Personnalisez votre actualit\u00e9 en ajoutant vos villes et m\u00e9dias en favori avec <a href=\"https:\/\/moncompte.actu.fr\" title=\"D\u00e9couvez Mon Actu\" rel=\"nofollow noopener\" data-trk=\"{&quot;cta&quot;:{&quot;action&quot;:&quot;https:\\\/\\\/moncompte.actu.fr&quot;,&quot;category&quot;:&quot;mon compte&quot;,&quot;from&quot;:&quot;article footer&quot;,&quot;name&quot;:&quot;Mon actu&quot;,&quot;type&quot;:&quot;cta&quot;}}\" target=\"_blank\">Mon Actu<\/a>.<\/p>\n","protected":false},"excerpt":{"rendered":"Par Manon Reinhardt Publi\u00e9 le 31 ao\u00fbt 2026 \u00e0 17h19 Le drame s\u2019est nou\u00e9 en d\u00e9but d\u2019apr\u00e8s-midi, \u00e0&hellip;\n","protected":false},"author":2,"featured_media":444974,"comment_status":"","ping_status":"","sticky":false,"template":"","format":"standard","meta":{"footnotes":"","_share_on_mastodon":"0"},"categories":[2819],"tags":[1111,11,1777,674,118,1011,27,12,2401,1311,882,25],"class_list":["post-1168234","post","type-post","status-publish","format-standard","has-post-thumbnail","category-nice","tag-actu","tag-actualites","tag-eu","tag-europe","tag-faits-divers","tag-fr","tag-france","tag-news","tag-nice","tag-pompiers","tag-provence-alpes-cote-dazur","tag-republique-francaise"],"share_on_mastodon":{"url":"https:\/\/pubeurope.com\/@fr\/117216569322688705","error":""},"_links":{"self":[{"href":"https:\/\/www.europesays.com\/fr\/wp-json\/wp\/v2\/posts\/1168234","targetHints":{"allow":["GET"]}}],"collection":[{"href":"https:\/\/www.europesays.com\/fr\/wp-json\/wp\/v2\/posts"}],"about":[{"href":"https:\/\/www.europesays.com\/fr\/wp-json\/wp\/v2\/types\/post"}],"author":[{"embeddable":true,"href":"https:\/\/www.europesays.com\/fr\/wp-json\/wp\/v2\/users\/2"}],"replies":[{"embeddable":true,"href":"https:\/\/www.europesays.com\/fr\/wp-json\/wp\/v2\/comments?post=1168234"}],"version-history":[{"count":0,"href":"https:\/\/www.europesays.com\/fr\/wp-json\/wp\/v2\/posts\/1168234\/revisions"}],"wp:featuredmedia":[{"embeddable":true,"href":"https:\/\/www.europesays.com\/fr\/wp-json\/wp\/v2\/media\/444974"}],"wp:attachment":[{"href":"https:\/\/www.europesays.com\/fr\/wp-json\/wp\/v2\/media?parent=1168234"}],"wp:term":[{"taxonomy":"category","embeddable":true,"href":"https:\/\/www.europesays.com\/fr\/wp-json\/wp\/v2\/categories?post=1168234"},{"taxonomy":"post_tag","embeddable":true,"href":"https:\/\/www.europesays.com\/fr\/wp-json\/wp\/v2\/tags?post=1168234"}],"curies":[{"name":"wp","href":"https:\/\/api.w.org\/{rel}","templated":true}]}}