{"id":1168239,"date":"2026-09-05T04:36:17","date_gmt":"2026-09-05T04:36:17","guid":{"rendered":"https:\/\/www.europesays.com\/fr\/1168239\/"},"modified":"2026-09-05T04:36:17","modified_gmt":"2026-09-05T04:36:17","slug":"meteo-la-meteo-du-samedi-5-septembre-2026-a-nantes-et-ses-environs","status":"publish","type":"post","link":"https:\/\/www.europesays.com\/fr\/1168239\/","title":{"rendered":"M\u00e9t\u00e9o. La m\u00e9t\u00e9o du samedi 5 septembre 2026 \u00e0 Nantes et ses environs"},"content":{"rendered":"<p data-ofstats-scroll=\"read_depth_20\">La matin\u00e9e d\u00e9butera sous un ciel d\u2019abord clair, puis peu \u00e0 peu plus nuageux avant un retour \u00e0 des conditions d\u00e9gag\u00e9es en fin de p\u00e9riode, pr\u00e9lude \u00e0 une journ\u00e9e globalement lumineuse. Les temp\u00e9ratures baisseront l\u00e9g\u00e8rement jusqu\u2019\u00e0 17 \u00b0C avant de remonter vers 20 \u00b0C en fin de matin\u00e9e. Le vent, d\u2019abord orient\u00e9 au Nord, soufflera autour de 10 \u00e0 15 km\/h avec des rafales pouvant atteindre 25 km\/h, puis basculera vers le Nord-Est et le Nord-Nord-Est. L\u2019humidit\u00e9 reculera peu \u00e0 peu.<\/p>\n<p data-ofstats-scroll=\"read_depth_40\">Dans le prolongement de cette matin\u00e9e d\u00e9j\u00e0 bien ensoleill\u00e9e, l\u2019apr\u00e8s-midi sera domin\u00e9 par un ciel parfaitement d\u00e9gag\u00e9, sans \u00e9volution notable. Les temp\u00e9ratures grimperont progressivement de 22 \u00b0C en d\u00e9but de p\u00e9riode \u00e0 27 \u00b0C en fin d\u2019apr\u00e8s-midi, avec un palier autour de 26 \u00b0C vers le milieu. Le vent restera faible, soufflant de mani\u00e8re constante depuis le Nord-Nord-Est puis le Nord-Est, \u00e0 environ 10 km\/h, avec des rafales pouvant atteindre 25 km\/h sur la majeure partie de l\u2019apr\u00e8s-midi. L\u2019humidit\u00e9 diminuera peu \u00e0 peu, sans changement brutal.<\/p>\n<p data-ofstats-scroll=\"read_depth_50\">Dans la continuit\u00e9 de cette ambiance estivale, la soir\u00e9e verra la temp\u00e9rature rester stable autour de 27 \u00b0C avant de reculer l\u00e9g\u00e8rement \u00e0 25 \u00b0C puis 24 \u00b0C en fin de p\u00e9riode. Le ciel demeurera largement d\u00e9gag\u00e9, ne devenant que peu nuageux vers 23 h. Le vent, d\u2019abord orient\u00e9 Est-Nord-Est puis Nord-Est et Nord-Nord-Est, soufflera le plus souvent \u00e0 10 km\/h, ne se renfor\u00e7ant qu\u2019en fin de soir\u00e9e \u00e0 15 km\/h avec des rafales pouvant atteindre 25 km\/h. L\u2019humidit\u00e9 augmentera progressivement au fil des heures.<\/p>\n<p data-ofstats-scroll=\"read_depth_70\">Au cours de la nuit, dans le prolongement de la soir\u00e9e calme, la temp\u00e9rature baissera progressivement de 23 \u00e0 19 \u00b0C, sans chute brutale. Le vent restera g\u00e9n\u00e9ralement stable autour de 10 km\/h, avec des rafales pouvant atteindre 25 km\/h en d\u00e9but de nuit puis se limitant \u00e0 20 km\/h par la suite. L\u2019orientation restera voisine du Nord-Est, avec une l\u00e9g\u00e8re composante Est au d\u00e9but. Le ciel alternera entre phases d\u00e9gag\u00e9es et passages voil\u00e9s, tandis que l\u2019humidit\u00e9 augmentera lentement vers l\u2019aube.<\/p>\n<p data-ofstats-scroll=\"read_depth_90\">Pour demain, dans la foul\u00e9e de cette nuit encore douce, les temp\u00e9ratures \u00e9volueront progressivement d\u2019un d\u00e9but de matin\u00e9e autour de 18 \u00b0C vers des valeurs nettement plus \u00e9lev\u00e9es en milieu d\u2019apr\u00e8s-midi, atteignant environ 31 \u00b0C, avant de se stabiliser en fin de journ\u00e9e. Le ciel passera d\u2019un voile de nuages \u00e9lev\u00e9s \u00e0 un aspect tr\u00e8s nuageux puis couvert, avec un retour de voiles en fin d\u2019apr\u00e8s-midi. Le vent tournera du Nord-Est vers l\u2019Est puis le Sud-Est, avant de venir de l\u2019Ouest, avec des rafales variant de 20 \u00e0 35 km\/h. L\u2019humidit\u00e9 reculera peu \u00e0 peu au fil des heures.<\/p>\n<p data-ofstats-scroll=\"read_depth_90\"><a href=\"https:\/\/www.ouest-france.fr\/meteo\/pays-de-la-loire\/nantes-44000\/\" rel=\"nofollow noopener\" target=\"_blank\">Suivez la m\u00e9t\u00e9o de votre commune en temps r\u00e9el<\/a><\/p>\n<p data-ofstats-scroll=\"read_depth_100\">Ouest-France vous donne \u00e9galement la possibilit\u00e9 de conna\u00eetre la m\u00e9t\u00e9o de votre commune, heure par heure, sur notre page m\u00e9t\u00e9o d\u00e9di\u00e9e<\/p>\n","protected":false},"excerpt":{"rendered":"La matin\u00e9e d\u00e9butera sous un ciel d\u2019abord clair, puis peu \u00e0 peu plus nuageux avant un retour \u00e0&hellip;\n","protected":false},"author":2,"featured_media":963815,"comment_status":"","ping_status":"","sticky":false,"template":"","format":"standard","meta":{"footnotes":"","_share_on_mastodon":"0"},"categories":[2818],"tags":[1111,11,5173,3862,52409,22217,1777,674,1011,27,79892,766,12,43222,4151,2636,25,3740,4286,3524,51472,14532],"class_list":["post-1168239","post","type-post","status-publish","format-standard","has-post-thumbnail","category-nantes","tag-actu","tag-actualites","tag-bouguenais","tag-carquefou","tag-clisson","tag-coueron","tag-eu","tag-europe","tag-fr","tag-france","tag-heric","tag-nantes","tag-news","tag-nort-sur-erdre","tag-orvault","tag-pays-de-la-loire","tag-republique-francaise","tag-reze","tag-saint-herblain","tag-saint-sebastien-sur-loire","tag-vallet","tag-vertou"],"share_on_mastodon":{"url":"https:\/\/pubeurope.com\/@fr\/117216581261959653","error":""},"_links":{"self":[{"href":"https:\/\/www.europesays.com\/fr\/wp-json\/wp\/v2\/posts\/1168239","targetHints":{"allow":["GET"]}}],"collection":[{"href":"https:\/\/www.europesays.com\/fr\/wp-json\/wp\/v2\/posts"}],"about":[{"href":"https:\/\/www.europesays.com\/fr\/wp-json\/wp\/v2\/types\/post"}],"author":[{"embeddable":true,"href":"https:\/\/www.europesays.com\/fr\/wp-json\/wp\/v2\/users\/2"}],"replies":[{"embeddable":true,"href":"https:\/\/www.europesays.com\/fr\/wp-json\/wp\/v2\/comments?post=1168239"}],"version-history":[{"count":0,"href":"https:\/\/www.europesays.com\/fr\/wp-json\/wp\/v2\/posts\/1168239\/revisions"}],"wp:featuredmedia":[{"embeddable":true,"href":"https:\/\/www.europesays.com\/fr\/wp-json\/wp\/v2\/media\/963815"}],"wp:attachment":[{"href":"https:\/\/www.europesays.com\/fr\/wp-json\/wp\/v2\/media?parent=1168239"}],"wp:term":[{"taxonomy":"category","embeddable":true,"href":"https:\/\/www.europesays.com\/fr\/wp-json\/wp\/v2\/categories?post=1168239"},{"taxonomy":"post_tag","embeddable":true,"href":"https:\/\/www.europesays.com\/fr\/wp-json\/wp\/v2\/tags?post=1168239"}],"curies":[{"name":"wp","href":"https:\/\/api.w.org\/{rel}","templated":true}]}}