{"id":1168253,"date":"2026-09-05T04:46:22","date_gmt":"2026-09-05T04:46:22","guid":{"rendered":"https:\/\/www.europesays.com\/fr\/1168253\/"},"modified":"2026-09-05T04:46:22","modified_gmt":"2026-09-05T04:46:22","slug":"a-marseille-des-croix-gammees-decouvertes-sur-une-voiture-suscitent-lindignation","status":"publish","type":"post","link":"https:\/\/www.europesays.com\/fr\/1168253\/","title":{"rendered":"\u00c0 Marseille, des croix gamm\u00e9es d\u00e9couvertes sur une voiture suscitent l\u2019indignation"},"content":{"rendered":"<p class=\"p1\">La d\u00e9couverte a provoqu\u00e9 une vive \u00e9motion. Plusieurs croix gamm\u00e9es avaient \u00e9t\u00e9 inscrites sur un v\u00e9hicule stationn\u00e9 \u00e0 Marseille.<\/p>\n<p><b>Une voiture vis\u00e9e par des symboles nazis<\/b><\/p>\n<p class=\"p1\">Ces symboles, directement associ\u00e9s \u00e0 l\u2019id\u00e9ologie nazie et \u00e0 la pers\u00e9cution des Juifs durant la Seconde Guerre mondiale, constituent bien davantage qu\u2019une simple d\u00e9gradation. Comme le rapporte <a href=\"https:\/\/www.laprovence.com\/article\/faits-divers-justice\/1369841949069414\/cela-contribue-a-banaliser-lantisemitisme-a-marseille-des-croix-gammees-decouvertes-sur-une-voiture\" rel=\"nofollow noopener\" target=\"_blank\">La Provence<\/a>, des responsables locaux ont notamment d\u00e9nonc\u00e9 un acte participant \u00e0 la banalisation de l\u2019antis\u00e9mitisme.<\/p>\n<p><b>Une voiture vis\u00e9e par des symboles nazis<\/b><\/p>\n<p class=\"p1\">Cet \u00e9pisode intervient dans un contexte o\u00f9 les actes et inscriptions antis\u00e9mites restent particuli\u00e8rement surveill\u00e9s. \u00c0 Marseille comme ailleurs en France, les associations et institutions engag\u00e9es contre l\u2019antis\u00e9mitisme appellent r\u00e9guli\u00e8rement \u00e0 ne pas banaliser ces symboles et ces d\u00e9gradations.<\/p>\n<p>Partagez cette info avec vos amis et vos proches en cliquant ici<br \/>\u00c0 Marseille, des croix gamm\u00e9es d\u00e9couvertes sur une voiture suscitent l\u2019indignation<\/p>\n<p>\u00c0 Marseille, une voiture a \u00e9t\u00e9 retrouv\u00e9e recouverte de plusieurs croix gamm\u00e9es. Une d\u00e9gradation particuli\u00e8rement choquante, qui relance les inqui\u00e9tudes face \u00e0 la banalisation des actes antis\u00e9mites. L\u2019affaire a suscit\u00e9 de nombreuses r\u00e9actions dans la cit\u00e9 phoc\u00e9enne.<\/p>\n<p> <img decoding=\"async\" width=\"76\" height=\"76\" loading=\"lazy\" src=\"https:\/\/www.europesays.com\/fr\/wp-content\/uploads\/2025\/04\/avatar-autonews.png\" alt=\"Mathis Poirot\"\/><\/p>\n","protected":false},"excerpt":{"rendered":"La d\u00e9couverte a provoqu\u00e9 une vive \u00e9motion. Plusieurs croix gamm\u00e9es avaient \u00e9t\u00e9 inscrites sur un v\u00e9hicule stationn\u00e9 \u00e0&hellip;\n","protected":false},"author":2,"featured_media":1168254,"comment_status":"","ping_status":"","sticky":false,"template":"","format":"standard","meta":{"footnotes":"","_share_on_mastodon":"0"},"categories":[2814],"tags":[1111,11,2612,120763,120767,120771,120762,2956,2598,1777,674,120764,120765,120766,1011,27,120768,120769,120770,1757,9234,884,120772,1916,12,2484,882,25,656],"class_list":["post-1168253","post","type-post","status-publish","format-standard","has-post-thumbnail","category-marseille","tag-actu","tag-actualites","tag-conseils","tag-constructeursford","tag-constructeurshyundai","tag-constructeursmercedes","tag-dsessais","tag-entretien","tag-equipement","tag-eu","tag-europe","tag-fordessais","tag-fordnews","tag-fordnouveautes","tag-fr","tag-france","tag-hyundaiessais","tag-hyundainews","tag-hyundainouveautes","tag-insolite","tag-juridique","tag-marseille","tag-mondial-de-lautomobile","tag-moscou","tag-news","tag-pekin","tag-provence-alpes-cote-dazur","tag-republique-francaise","tag-securite"],"share_on_mastodon":{"url":"https:\/\/pubeurope.com\/@fr\/117216622008403045","error":""},"_links":{"self":[{"href":"https:\/\/www.europesays.com\/fr\/wp-json\/wp\/v2\/posts\/1168253","targetHints":{"allow":["GET"]}}],"collection":[{"href":"https:\/\/www.europesays.com\/fr\/wp-json\/wp\/v2\/posts"}],"about":[{"href":"https:\/\/www.europesays.com\/fr\/wp-json\/wp\/v2\/types\/post"}],"author":[{"embeddable":true,"href":"https:\/\/www.europesays.com\/fr\/wp-json\/wp\/v2\/users\/2"}],"replies":[{"embeddable":true,"href":"https:\/\/www.europesays.com\/fr\/wp-json\/wp\/v2\/comments?post=1168253"}],"version-history":[{"count":0,"href":"https:\/\/www.europesays.com\/fr\/wp-json\/wp\/v2\/posts\/1168253\/revisions"}],"wp:featuredmedia":[{"embeddable":true,"href":"https:\/\/www.europesays.com\/fr\/wp-json\/wp\/v2\/media\/1168254"}],"wp:attachment":[{"href":"https:\/\/www.europesays.com\/fr\/wp-json\/wp\/v2\/media?parent=1168253"}],"wp:term":[{"taxonomy":"category","embeddable":true,"href":"https:\/\/www.europesays.com\/fr\/wp-json\/wp\/v2\/categories?post=1168253"},{"taxonomy":"post_tag","embeddable":true,"href":"https:\/\/www.europesays.com\/fr\/wp-json\/wp\/v2\/tags?post=1168253"}],"curies":[{"name":"wp","href":"https:\/\/api.w.org\/{rel}","templated":true}]}}