{"id":1168257,"date":"2026-09-05T04:48:25","date_gmt":"2026-09-05T04:48:25","guid":{"rendered":"https:\/\/www.europesays.com\/fr\/1168257\/"},"modified":"2026-09-05T04:48:25","modified_gmt":"2026-09-05T04:48:25","slug":"metropole-de-lyon-ils-me-laissent-dans-un-sale-etat-le-lyceen-de-17-ans-agresse-pres-du-groupama-stadium-prend-la-parole","status":"publish","type":"post","link":"https:\/\/www.europesays.com\/fr\/1168257\/","title":{"rendered":"M\u00e9tropole de Lyon. \u00ab\u00a0Ils me laissent dans un sale \u00e9tat\u00a0\u00bb\u00a0: le lyc\u00e9en de 17 ans agress\u00e9 pr\u00e8s du Groupama Stadium prend la parole"},"content":{"rendered":"<p>Six jours apr\u00e8s la violente agression d\u2019Adam (*), un lyc\u00e9en de 17 ans, aux abords du stade de l\u2019OL, les circonstances restent bien confuses, et m\u00eame contradictoires. Les premiers \u00e9l\u00e9ments d\u2019enqu\u00eate semblent privil\u00e9gier un affrontement entre groupes de supporters. Et, selon les informations <a href=\"https:\/\/www.lyonfoot.com\/article\/14068\/adolescent-agresse-devant-le-groupama-stadium-la-piste-d-un-fight-organise-entre-supporters\" target=\"_blank\" rel=\"nofollow noopener\">de Lyon Foot<\/a>, \u00ab\u00a0l\u2019exploitation des images de vid\u00e9osurveillance d\u2019OL Vall\u00e9e et du stade de D\u00e9cines aurait permis d\u2019\u00e9tablir qu\u2019il avait particip\u00e9, vers 20\u00a0h, \u00e0 un rassemblement du groupe de supporters Atypik lyonnais\u00a0\u00bb.<\/p>\n<p>\u00ab\u00a0Ils&#8230;                        <\/p>\n","protected":false},"excerpt":{"rendered":"Six jours apr\u00e8s la violente agression d\u2019Adam (*), un lyc\u00e9en de 17 ans, aux abords du stade de&hellip;\n","protected":false},"author":2,"featured_media":1168258,"comment_status":"","ping_status":"","sticky":false,"template":"","format":"standard","meta":{"footnotes":"","_share_on_mastodon":"0"},"categories":[1889],"tags":[1111,11,2430,271,4624,272,3152,1777,674,274,107,63,1011,27,2428,12,18283,25,2429,517],"class_list":["post-1168257","post","type-post","status-publish","format-standard","has-post-thumbnail","category-lyon","tag-actu","tag-actualites","tag-auvergne-rhone-alpes","tag-crime","tag-decines-charpieu","tag-delit-et-contravention","tag-edition-est-lyonnais","tag-eu","tag-europe","tag-faits-divers-justice","tag-fil-info","tag-football","tag-fr","tag-france","tag-lyon","tag-news","tag-plaine-de-lest","tag-republique-francaise","tag-rhone","tag-sport"],"share_on_mastodon":{"url":"https:\/\/pubeurope.com\/@fr\/117216628394990991","error":""},"_links":{"self":[{"href":"https:\/\/www.europesays.com\/fr\/wp-json\/wp\/v2\/posts\/1168257","targetHints":{"allow":["GET"]}}],"collection":[{"href":"https:\/\/www.europesays.com\/fr\/wp-json\/wp\/v2\/posts"}],"about":[{"href":"https:\/\/www.europesays.com\/fr\/wp-json\/wp\/v2\/types\/post"}],"author":[{"embeddable":true,"href":"https:\/\/www.europesays.com\/fr\/wp-json\/wp\/v2\/users\/2"}],"replies":[{"embeddable":true,"href":"https:\/\/www.europesays.com\/fr\/wp-json\/wp\/v2\/comments?post=1168257"}],"version-history":[{"count":0,"href":"https:\/\/www.europesays.com\/fr\/wp-json\/wp\/v2\/posts\/1168257\/revisions"}],"wp:featuredmedia":[{"embeddable":true,"href":"https:\/\/www.europesays.com\/fr\/wp-json\/wp\/v2\/media\/1168258"}],"wp:attachment":[{"href":"https:\/\/www.europesays.com\/fr\/wp-json\/wp\/v2\/media?parent=1168257"}],"wp:term":[{"taxonomy":"category","embeddable":true,"href":"https:\/\/www.europesays.com\/fr\/wp-json\/wp\/v2\/categories?post=1168257"},{"taxonomy":"post_tag","embeddable":true,"href":"https:\/\/www.europesays.com\/fr\/wp-json\/wp\/v2\/tags?post=1168257"}],"curies":[{"name":"wp","href":"https:\/\/api.w.org\/{rel}","templated":true}]}}