{"id":1168261,"date":"2026-09-05T04:50:14","date_gmt":"2026-09-05T04:50:14","guid":{"rendered":"https:\/\/www.europesays.com\/fr\/1168261\/"},"modified":"2026-09-05T04:50:14","modified_gmt":"2026-09-05T04:50:14","slug":"ratp-la-ligne-6-du-metro-a-paris-va-etre-totalement-fermee-pendant-sept-dimanches-voici-quand","status":"publish","type":"post","link":"https:\/\/www.europesays.com\/fr\/1168261\/","title":{"rendered":"RATP. La ligne 6 du m\u00e9tro \u00e0 Paris va \u00eatre totalement ferm\u00e9e pendant sept dimanches, voici quand"},"content":{"rendered":"<p>                    Par<br \/>\n        <strong><br \/>\n            <a href=\"https:\/\/actu.fr\/auteur\/thomas-martin\" title=\"Consulter tous les articles de Thomas Martin\" rel=\"nofollow noopener\" target=\"_blank\">Thomas Martin<\/a><br \/>\n                    <\/strong><\/p>\n<p>        Publi\u00e9 le<\/p>\n<p>            5 sept. 2026 \u00e0 6h04        <\/p>\n<p>Une ligne de m\u00e9tro enti\u00e8re \u00e0 l\u2019arr\u00eat pendant plusieurs dimanches. \u00c0 Paris, les voyageurs de la <a href=\"https:\/\/actu.fr\/ile-de-france\/paris_75056\/ratp-apres-plus-de-50-ans-de-service-ces-rames-mythiques-disparaissent-definitivement-du-metro-parisien_64516549.html\" rel=\"nofollow noopener\" target=\"_blank\">ligne 6<\/a> vont devoir composer avec une s\u00e9rie d\u2019importantes perturbations au cours des prochaines semaines. La <a href=\"https:\/\/actu.fr\/tag\/ratp\" rel=\"nofollow noopener\" target=\"_blank\">RATP<\/a> annonce la fermeture compl\u00e8te de la ligne reliant Charles de Gaulle-\u00c9toile \u00e0 Nation pendant sept dimanches, entre septembre et novembre 2026. Et ce, d\u00e8s le 6 septembre.\u00a0<\/p>\n<p>Le calendrier des fermetures<\/p>\n<p class=\" wall-content\">Apr\u00e8s cette premi\u00e8re journ\u00e9e d\u2019arr\u00eat, la ligne 6 sera ensuite de nouveau totalement interrompue deux semaines plus tard.<\/p>\n<p class=\" wall-content\">Voici les sept dates annonc\u00e9es par la RATP :<\/p>\n<ul class=\" wall-content\">\n<li>dimanche 6 septembre 2026<\/li>\n<li>dimanche 20 septembre 2026<\/li>\n<li>dimanche 4 octobre 2026<\/li>\n<li>dimanche 11 octobre 2026<\/li>\n<li>dimanche 18 octobre 2026<\/li>\n<li>dimanche 8 novembre 2026<\/li>\n<li>dimanche 22 novembre 2026.<\/li>\n<\/ul>\n<p class=\" wall-content\">Le mois d\u2019octobre sera donc particuli\u00e8rement perturb\u00e9 : aucun m\u00e9tro de la ligne 6 ne circulera durant trois dimanches cons\u00e9cutifs, les 4, 11 et 18 octobre.<\/p>\n<p class=\" wall-content\">Ces diff\u00e9rentes interruptions sont li\u00e9es \u00e0 des travaux de modernisation de la ligne, indique la RATP.<\/p>\n<p>Des bus de remplacement, mais pas sur toute la ligne<\/p>\n<p class=\" wall-content\">Un dispositif de substitution sera mis en place pendant les journ\u00e9es de fermeture. Des bus de remplacement desserviront le tron\u00e7on compris entre Charles de Gaulle \u2013 \u00c9toile et La Motte-Picquet \u2013 Grenelle.<\/p>\n<p class=\" wall-content\">Ils ne permettront donc pas de remplacer directement le m\u00e9tro sur l\u2019ensemble de son parcours jusqu\u2019\u00e0 Nation. Les voyageurs des autres secteurs travers\u00e9s par la ligne 6 devront se reporter vers d\u2019autres itin\u00e9raires.<\/p>\n<p class=\" wall-content\">La ligne de bus 71 sera \u00e9galement renforc\u00e9e.<\/p>\n<p class=\" wall-content\">La ligne 6 dessert notamment Montparnasse-Bienven\u00fce, Denfert-Rochereau, Place d\u2019Italie, Bercy et Nation.<\/p>\n<p class=\" wall-content\">Personnalisez votre actualit\u00e9 en ajoutant vos villes et m\u00e9dias en favori avec <a href=\"https:\/\/moncompte.actu.fr\" title=\"D\u00e9couvez Mon Actu\" rel=\"nofollow noopener\" data-trk=\"{&quot;cta&quot;:{&quot;action&quot;:&quot;https:\\\/\\\/moncompte.actu.fr&quot;,&quot;category&quot;:&quot;mon compte&quot;,&quot;from&quot;:&quot;article footer&quot;,&quot;name&quot;:&quot;Mon actu&quot;,&quot;type&quot;:&quot;cta&quot;}}\" target=\"_blank\">Mon Actu<\/a>.<\/p>\n","protected":false},"excerpt":{"rendered":"Par Thomas Martin Publi\u00e9 le 5 sept. 2026 \u00e0 6h04 Une ligne de m\u00e9tro enti\u00e8re \u00e0 l\u2019arr\u00eat pendant&hellip;\n","protected":false},"author":2,"featured_media":1168262,"comment_status":"","ping_status":"","sticky":false,"template":"","format":"standard","meta":{"footnotes":"","_share_on_mastodon":"0"},"categories":[1888],"tags":[1111,1928,11,1927,1777,674,1011,27,4047,12,1926,626,1925,625,25,104,2086],"class_list":["post-1168261","post","type-post","status-publish","format-standard","has-post-thumbnail","category-paris","tag-actu","tag-actu-paris","tag-actualites","tag-actualites-paris","tag-eu","tag-europe","tag-fr","tag-france","tag-metro","tag-news","tag-news-paris","tag-paris","tag-paris-news","tag-ratp","tag-republique-francaise","tag-societe","tag-travaux"],"share_on_mastodon":{"url":"https:\/\/pubeurope.com\/@fr\/117216636154657900","error":""},"_links":{"self":[{"href":"https:\/\/www.europesays.com\/fr\/wp-json\/wp\/v2\/posts\/1168261","targetHints":{"allow":["GET"]}}],"collection":[{"href":"https:\/\/www.europesays.com\/fr\/wp-json\/wp\/v2\/posts"}],"about":[{"href":"https:\/\/www.europesays.com\/fr\/wp-json\/wp\/v2\/types\/post"}],"author":[{"embeddable":true,"href":"https:\/\/www.europesays.com\/fr\/wp-json\/wp\/v2\/users\/2"}],"replies":[{"embeddable":true,"href":"https:\/\/www.europesays.com\/fr\/wp-json\/wp\/v2\/comments?post=1168261"}],"version-history":[{"count":0,"href":"https:\/\/www.europesays.com\/fr\/wp-json\/wp\/v2\/posts\/1168261\/revisions"}],"wp:featuredmedia":[{"embeddable":true,"href":"https:\/\/www.europesays.com\/fr\/wp-json\/wp\/v2\/media\/1168262"}],"wp:attachment":[{"href":"https:\/\/www.europesays.com\/fr\/wp-json\/wp\/v2\/media?parent=1168261"}],"wp:term":[{"taxonomy":"category","embeddable":true,"href":"https:\/\/www.europesays.com\/fr\/wp-json\/wp\/v2\/categories?post=1168261"},{"taxonomy":"post_tag","embeddable":true,"href":"https:\/\/www.europesays.com\/fr\/wp-json\/wp\/v2\/tags?post=1168261"}],"curies":[{"name":"wp","href":"https:\/\/api.w.org\/{rel}","templated":true}]}}