{"id":1168263,"date":"2026-09-05T04:51:12","date_gmt":"2026-09-05T04:51:12","guid":{"rendered":"https:\/\/www.europesays.com\/fr\/1168263\/"},"modified":"2026-09-05T04:51:12","modified_gmt":"2026-09-05T04:51:12","slug":"ufc-paris-2026-a-quelle-heure-et-sur-quelle-chaine-regarder-les-combats-ce-samedi","status":"publish","type":"post","link":"https:\/\/www.europesays.com\/fr\/1168263\/","title":{"rendered":"UFC Paris 2026 : \u00c0 quelle heure et sur quelle cha\u00eene regarder les combats ce samedi ?"},"content":{"rendered":"<p>Derri\u00e8re les Etats-Unis, la France est avec le Br\u00e9sil le pays qui consomme le plus de MMA. Il est donc logique de voir l\u2019UFC poser ses valises \u00e0 l\u2019Accor Arena pour une nouvelle \u00e9dition. Les 3 premi\u00e8res ont \u00e9t\u00e9 un franc succ\u00e8s et cette nouvelle ne devrait pas d\u00e9roger \u00e0 la r\u00e8gle. D\u2019autant plus que de nombreux combats sont tr\u00e8s attendus, comme le tout premier chez l\u2019UFC pour Salahdine Parnasse face \u00e0 Dan Hooker. Le Fran\u00e7ais a h\u00e9rit\u00e9 d\u2019un client tr\u00e8s experiment\u00e9, mais qui reste cependant sur un revers face \u00e0 un autre tricolore, Beno\u00eet Saint-Denis. Les Fran\u00e7ais seront \u00e0 l\u2019honneur avec un duel entre Fares Ziam et Alexis Sola. Autre combat important de la carte, le retour de Morgan Charri\u00e8re, qui a subi son premier KO lors de son dernier combat, et qui montera sur le ring avec la ferme intention de repartir de l\u2019avant. Il faudra pour cela dominer le Br\u00e9silien Felipe Lima (14-2).<\/p>\n<p>\u00c0 quelle heure et sur quelle cha\u00eene regarder en direct l\u2019UFC Paris ?  <\/p>\n<p>L&rsquo;UFC Paris est diffus\u00e9 en direct sur RMC Sport 1. Le d\u00e9but de la carte pr\u00e9liminaire est pr\u00e9vu pour 18h00, en direct de l\u2019Accor Arena de Paris. Concernant la carte principale, il faudra patienter jusqu\u2019\u00e0 20h30. L\u2019abonnement payant \u00e0 RMC Sport est la seule option pour suivre l\u2019UFC Paris en direct et en exclusivit\u00e9. L\u2019offre donne acc\u00e8s au meilleur du MMA, de la boxe et du judo. <\/p>\n<p><a href=\"https:\/\/www.awin1.com\/awclick.php?gid=448180&amp;mid=33125&amp;awinaffid=777431&amp;linkid=3383363&amp;clickref\" rel=\"nofollow noopener\" target=\"_blank\" class=\"c-link c-btn c-btn--primary\">En savoir plus sur la nouvelle offre RMC Sport<\/a><\/p>\n<p>Diffusion UFC Paris : ce qu\u2019il faut savoir  <\/p>\n<ul>\n<li>L\u2019UFC Paris a lieu samedi 5 septembre. <\/li>\n<li>La rencontre est diffus\u00e9e sur RMC Sport 1. <\/li>\n<li>Le d\u00e9but de la carte principale est pr\u00e9vu \u00e0 20h30. <\/li>\n<\/ul>\n<p>20 Minutes Guide d&rsquo;Achat est aussi sur les r\u00e9seaux sociaux ! Suivez-nous sur <a href=\"https:\/\/www.instagram.com\/20minutes.guideachat\" target=\"_blank\" class=\"c-link c-link--is-underlined\" rel=\"nofollow noopener\">Instagram<\/a> et <a href=\"https:\/\/www.tiktok.com\/@20minutes.guideachat\" target=\"_blank\" class=\"c-link c-link--is-underlined\" rel=\"nofollow noopener\">TikTok<\/a> pour ne rien manquer de nos conseils et s\u00e9lections.<\/p>\n<p><script async src=\"\/\/www.instagram.com\/embed.js\"><\/script><script async src=\"\/\/www.tiktok.com\/embed.js\"><\/script><\/p>\n","protected":false},"excerpt":{"rendered":"Derri\u00e8re les Etats-Unis, la France est avec le Br\u00e9sil le pays qui consomme le plus de MMA. Il&hellip;\n","protected":false},"author":2,"featured_media":1168264,"comment_status":"","ping_status":"","sticky":false,"template":"","format":"standard","meta":{"footnotes":"","_share_on_mastodon":"0"},"categories":[1888],"tags":[1111,1928,11,1927,677,1777,674,1011,27,676,1847,12,1926,626,1925,25,517],"class_list":["post-1168263","post","type-post","status-publish","format-standard","has-post-thumbnail","category-paris","tag-actu","tag-actu-paris","tag-actualites","tag-actualites-paris","tag-bons-plans","tag-eu","tag-europe","tag-fr","tag-france","tag-guide-dachat","tag-mma","tag-news","tag-news-paris","tag-paris","tag-paris-news","tag-republique-francaise","tag-sport"],"share_on_mastodon":{"url":"https:\/\/pubeurope.com\/@fr\/117216640312943388","error":""},"_links":{"self":[{"href":"https:\/\/www.europesays.com\/fr\/wp-json\/wp\/v2\/posts\/1168263","targetHints":{"allow":["GET"]}}],"collection":[{"href":"https:\/\/www.europesays.com\/fr\/wp-json\/wp\/v2\/posts"}],"about":[{"href":"https:\/\/www.europesays.com\/fr\/wp-json\/wp\/v2\/types\/post"}],"author":[{"embeddable":true,"href":"https:\/\/www.europesays.com\/fr\/wp-json\/wp\/v2\/users\/2"}],"replies":[{"embeddable":true,"href":"https:\/\/www.europesays.com\/fr\/wp-json\/wp\/v2\/comments?post=1168263"}],"version-history":[{"count":0,"href":"https:\/\/www.europesays.com\/fr\/wp-json\/wp\/v2\/posts\/1168263\/revisions"}],"wp:featuredmedia":[{"embeddable":true,"href":"https:\/\/www.europesays.com\/fr\/wp-json\/wp\/v2\/media\/1168264"}],"wp:attachment":[{"href":"https:\/\/www.europesays.com\/fr\/wp-json\/wp\/v2\/media?parent=1168263"}],"wp:term":[{"taxonomy":"category","embeddable":true,"href":"https:\/\/www.europesays.com\/fr\/wp-json\/wp\/v2\/categories?post=1168263"},{"taxonomy":"post_tag","embeddable":true,"href":"https:\/\/www.europesays.com\/fr\/wp-json\/wp\/v2\/tags?post=1168263"}],"curies":[{"name":"wp","href":"https:\/\/api.w.org\/{rel}","templated":true}]}}