{"id":1168276,"date":"2026-09-05T05:00:23","date_gmt":"2026-09-05T05:00:23","guid":{"rendered":"https:\/\/www.europesays.com\/fr\/1168276\/"},"modified":"2026-09-05T05:00:23","modified_gmt":"2026-09-05T05:00:23","slug":"si-lafd-y-parvient-ici-elle-peut-y-parvenir-partout-lextreme-droite-aux-portes-du-pouvoir-en-allemagne-de-lest","status":"publish","type":"post","link":"https:\/\/www.europesays.com\/fr\/1168276\/","title":{"rendered":"\u00ab\u00a0Si l&rsquo;AfD y parvient ici, elle peut y parvenir partout\u00a0\u00bb : l&rsquo;extr\u00eame droite aux portes du pouvoir en Allemagne de l&rsquo;est"},"content":{"rendered":"<p class=\"article-p mdl\">L&rsquo;extr\u00eame droite va-t-elle faire son grand retour au pouvoir en Allemagne ? Dimanche 6 septembre, tous les regards seront tourn\u00e9s vers le petit Land de Saxe-Anhalt, dans l&rsquo;est du pays, o\u00f9 les \u00e9lecteurs sont appel\u00e9s \u00e0 renouveler le Parlement local et le gouvernement. Depuis un an,\u00a0<a class=\"link\" href=\"https:\/\/www.rtl.fr\/actu\/international\/allemagne-le-parti-afd-classe-extremiste-de-droite-par-les-services-de-renseignement-7900500801\" rel=\"nofollow noopener\" target=\"_blank\">le parti d&rsquo;extr\u00eame droite Alternative pour l&rsquo;Allemagne (AfD)<\/a>\u00a0m\u00e8ne dans les sondages. Les derni\u00e8res enqu\u00eates d&rsquo;opinion le placent entre 40% et 42% des intentions de vote, bien devant les conservateurs de la CDU (23%), qui dirigent la r\u00e9gion depuis la r\u00e9unification de l&rsquo;Allemagne en 1990 (sauf entre 1994 et 2002).<\/p>\n<p class=\"article-p mdl\">Port\u00e9e par la pouss\u00e9e du parti \u00e0 l&rsquo;\u00e9chelle nationale (<a class=\"link\" href=\"https:\/\/www.rtl.fr\/actu\/international\/elections-legislatives-en-allemagne-les-conservateurs-remportent-le-scrutin-devant-le-parti-d-extreme-droite-7900475946\" rel=\"nofollow noopener\" target=\"_blank\">l&rsquo;AfD a recueilli 20% des voix aux \u00e9lections f\u00e9d\u00e9rales de l&rsquo;ann\u00e9e derni\u00e8re<\/a>, terminant deuxi\u00e8me derri\u00e8re la CDU), l&rsquo;Alternative pour l&rsquo;Allemagne en Saxe-Anhalt b\u00e9n\u00e9ficie aussi d&rsquo;une t\u00eate de liste charismatique en la personne d&rsquo;Ulrich Siegmund, ancien vendeur dans un magasin de parfum d&rsquo;ambiance.<\/p>\n<p class=\"article-p mdl\">L&rsquo;homme de 35 ans, qui joue de son physique et de sa bonhomie, encha\u00eene les selfies avec ses partisans et m\u00e8ne une campagne feel-good, promettant aux \u00e9lecteurs que \u00ab\u00a0Tout va bien se passer\u00a0\u00bb, comme il l&rsquo;\u00e9crit sur ses affiches, rapporte la\u00a0<a class=\"link\" href=\"https:\/\/www.zdfheute.de\/politik\/deutschland\/ulrich-siegmund-afd-sachsen-anhalt-wahlkampf-portrait-100.html\" target=\"_blank\" rel=\"nofollow noopener\">ZDF<\/a>.<\/p>\n<p>            \u00ab\u00a0L&rsquo;homme le plus dangereux d&rsquo;Allemagne\u00a0\u00bb<\/p>\n<p class=\"article-p mdl\">La perspective du retour de l&rsquo;extr\u00eame-droite au pouvoir en Allemagne inqui\u00e8te outre-Rhin, plus de 80 ans apr\u00e8s la mort d&rsquo;Adolf Hitler, qui dirigea le pays de 1933 \u00e0 1945. Der Spiegel, grand magazine g\u00e9n\u00e9raliste allemand class\u00e9 \u00e0 gauche,\u00a0<a class=\"link\" href=\"https:\/\/www.spiegel.de\/spiegel\/print\/index-2026-34.html\" target=\"_blank\" rel=\"nofollow noopener\">lui a accord\u00e9 sa Une<\/a>, le 14 ao\u00fbt, montrant l&rsquo;homme aux cheveux gris-noirs sur une petite photo d&rsquo;identit\u00e9, flanqu\u00e9 de l&rsquo;inscription en lettres capitales rouges : \u00ab\u00a0L&rsquo;homme le plus dangereux d&rsquo;Allemagne\u00a0\u00bb.<\/p>\n<blockquote class=\"twitter-tweet\">\n<p lang=\"en\" dir=\"ltr\">Spiegel have called Ulrich Siegmund, the AfD candidate who could become the party\u2019s first state minister in September, \u201cthe most dangerous man in Germany\u201d <a href=\"https:\/\/t.co\/WYkkjmip79\" rel=\"nofollow\">pic.twitter.com\/WYkkjmip79<\/a><\/p>\n<p>\u2014 James Jackson (@derJamesJackson) <a href=\"https:\/\/x.com\/derJamesJackson\/status\/2088539520668971482?ref_src=twsrc%5Etfw\" rel=\"nofollow\">August 15, 2026<\/a><\/p><\/blockquote>\n<p class=\"article-p mdl\">L&rsquo;ancien ministre-pr\u00e9sident de Saxe-Anhalt, Reiner Haseloff (CDU), qui a dirig\u00e9 le Land de 2011 \u00e0 d\u00e9but 2026 avant de d\u00e9missionner,\u00a0<a class=\"link\" href=\"https:\/\/www.spiegel.de\/geschichte\/bodo-ramelow-und-reiner-haseloff-ueber-eigene-krisen-und-wie-gefaehrlich-die-afd-ist-a-81715a12-ff83-4981-9b74-dbf77e25ca48\" target=\"_blank\" rel=\"nofollow noopener\">s&rsquo;est confi\u00e9 dans les colonnes du Der Spiegel en mai<\/a>. Depuis Magdebourg, si\u00e8ge du gouvernement local, il confie s&rsquo;\u00eatre souvent senti \u00ab\u00a0comme s'[il se trouvait] dans la phase finale du Reichstag de la R\u00e9publique de Weimar\u00a0\u00bb, r\u00e9f\u00e9rence aux derniers instants de la R\u00e9publique avant la prise de pouvoir d&rsquo;Hitler en 1933.<\/p>\n<p>        \u00c0 \u00e9couter<\/p>\n<p class=\"col-12 col-md-11\">\n<p>                                Adolf Hitler, du marginal au plus grand criminel de l&rsquo;Histoire (1\/2)\n                        <\/p>\n<p class=\"article-p mdl\">Ulrich Siegmund d\u00e9fend les politiques ultraradicales pr\u00f4n\u00e9es par l&rsquo;AfD au niveau f\u00e9d\u00e9ral, comme la remigration des \u00e9trangers ou encore la fin du soutien \u00e0 l&rsquo;Ukraine. \u00ab\u00a0Nous distribuons de l&rsquo;argent au monde entier. Plus de 20 milliards d&rsquo;euros rien que pour le versement du B\u00fcrgergeld [\u00e9quivalent du RSA, ndlr] \u00e0 des citoyens non allemands. Chaque minute, 20.000 euros vont \u00e0 l&rsquo;Ukraine. C&rsquo;est autant d&rsquo;argent qui nous manque, que l&rsquo;\u00c9tat f\u00e9d\u00e9ral pourrait aussi redistribuer aux \u00c9tats r\u00e9gionaux\u00a0\u00bb, a-t-il martel\u00e9 dans une interview au m\u00e9dia public local\u00a0<a class=\"link\" href=\"https:\/\/www.mdr.de\/nachrichten\/sachsen-anhalt\/landtagswahl\/ulrich-siegmund-110,portrait-afd-100.html\" target=\"_blank\" rel=\"nofollow noopener\">MDR<\/a>.\u00a0<\/p>\n<p>            Un front anti-AfD ?<\/p>\n<p class=\"article-p mdl\">L&rsquo;AfD a-t-elle r\u00e9ellement une chance de diriger la Saxe-Anhalt ? Tout d\u00e9pend du score des autres partis. S&rsquo;ils sont nombreux \u00e0 ne pas franchir la limite des 5% (comme le sugg\u00e8rent les sondages), n\u00e9cessaire pour entrer au Parlement local, alors le seuil pour atteindre la majorit\u00e9 absolue de si\u00e8ges diminuerait. Selon les calculs de la\u00a0<a class=\"link\" href=\"https:\/\/www.zdfheute.de\/politik\/deutschland\/wahlen-sachsen-anhalt-afd-umfrage-grafik-moegliche-mehrheit-100.html\" target=\"_blank\" rel=\"nofollow noopener\">ZDF<\/a>, une majorit\u00e9 absolue pourrait \u00eatre atteinte avec entre 42,5% et 45,5% des suffrages. Ce qui n&rsquo;est pas hors d&rsquo;atteinte pour le parti d&rsquo;extr\u00eame droite.\u00a0<\/p>\n<p>                <img decoding=\"async\" alt=\"\" class=\"media-item lazy\" src=\"https:\/\/www.europesays.com\/fr\/wp-content\/uploads\/2026\/09\/1864340-ulrich-siegmund-candidat-de-l-afd-aux-elections-regionales-de-saxe-anhalt-lors-d-un-evenemen.jpeg\"\/><\/p>\n<p class=\"article-media-figcaption-title\">\n            Ulrich Siegmund, candidat de l&rsquo;AfD aux \u00e9lections r\u00e9gionales de Saxe-Anhalt, lors d&rsquo;un \u00e9v\u00e9nement de campagne \u00e0 Haldensleben, le 1er septembre 2026.<\/p>\n<p class=\"article-media-figcaption-credits\">\n            Cr\u00e9dit : Ronny HARTMANN \/ AFP<\/p>\n<p class=\"article-p mdl\">Les autres partis, CDU en t\u00eate, tentent le tout pour le tout pour mettre un coup d&rsquo;arr\u00eat \u00e0 la dynamique d&rsquo;Ulrich Siegmund. Le ministre-pr\u00e9sident sortant, Sven Schulze, aime \u00e0 r\u00e9p\u00e9ter que \u00ab\u00a0rien n&rsquo;est fait\u00a0\u00bb, comme le rapporte la\u00a0<a class=\"link\" href=\"https:\/\/www.dw.com\/en\/saxony-anhalt-state-premier-schulze-takes-on-far-right-afd-party\/a-78509861\" target=\"_blank\" rel=\"nofollow noopener\">DW<\/a>. Il esp\u00e8re attirer le vote de tous ceux qui s&rsquo;opposent \u00e0 l&rsquo;extr\u00eame droite. \u00ab\u00a0On se bat pour chaque vote.\u00a0\u00bb<\/p>\n<p>La formation d&rsquo;une coalition avec les partis de gauche sera n\u00e9cessaire dans le cas o\u00f9 l&rsquo;AfD n&rsquo;a pas la majorit\u00e9 absolue. Mais le chancelier Friedrich Merz a trac\u00e9 une ligne entre son parti et le mouvement de gauche radicale Die Linke, avec qui il ne veut pas travailler, au m\u00eame titre que l&rsquo;AfD. Mais il distingue tout de m\u00eame les deux mouvements et n&rsquo;exclut pas que la CDU dirige un gouvernement de minorit\u00e9 avec le soutien de Die Linke. Dans une interview \u00e0\u00a0<a class=\"link\" href=\"https:\/\/www.volksstimme.de\/wahl\/landtagswahl-sachsen-anhalt\/kanzler-zu-afd-wahlern-zu-euch-gibt-es-keine-brandmauer-4311178\" target=\"_blank\" rel=\"nofollow noopener\">Volksstime<\/a>\u00a0et au Mitteldeutsche Zeitung, lundi, il a fait un appel du pied aux \u00e9lecteurs tent\u00e9s par l&rsquo;AfD : \u00ab\u00a0Il n&rsquo;y a pas de rempart contre vous\u00a0\u00bb, assure-t-il.<\/p>\n<p>        \u00c0 \u00e9couter<\/p>\n<p class=\"col-12 col-md-11\">\n<p>                                ALLEMAGNE &#8211; Friedrich Merz, l&rsquo;homme qui peut r\u00e9veiller l&rsquo;Europe\n                        <\/p>\n<p class=\"article-p mdl\">Les analystes estiment qu&rsquo;une victoire de l&rsquo;AfD en Saxe-Anhalt dimanche serait un tremplin pour l&rsquo;extr\u00eame droite \u00e0 l&rsquo;\u00e9chelle nationale. \u00ab\u00a0La Saxe-Anhalt se transforme en laboratoire politique\u00a0\u00bb,\u00a0<a class=\"link\" href=\"https:\/\/www.dw.com\/en\/saxony-anhalt-election-can-the-cdu-stop-the-afd\/video-78579766\" target=\"_blank\" rel=\"nofollow noopener\">analyse la cheffe du service politique de la DW<\/a>, Michaela Kuefner. \u00ab\u00a0Le sentiment g\u00e9n\u00e9ral est que si l&rsquo;AfD parvient au pouvoir ici, elle peut y parvenir partout, m\u00eame au sein du gouvernement central.\u00a0\u00bb<\/p>\n<p>    La r\u00e9daction vous recommande<\/p>\n<p class=\"s-newsletter__title\">\n                L\u2019actualit\u00e9 par la r\u00e9daction de RTL dans votre bo\u00eete mail.\n            <\/p>\n<p class=\"s-newsletter__subtitle\">\n                Gr\u00e2ce \u00e0 votre compte RTL abonnez-vous \u00e0 la newsletter RTL info pour suivre toute l&rsquo;actualit\u00e9 au quotidien\n            <\/p>\n<p>\n                                    Lire la suite\n                                <\/p>\n<p class=\"article-google-preferred__title\">Ne laissez pas Google d\u00e9cider de vos sources.<\/p>\n<p>    <a href=\"https:\/\/www.google.com\/preferences\/source?q=https:\/\/www.rtl.fr\" target=\"_blank\" rel=\"noopener noreferrer nofollow\" class=\"article-google-preferred__btn at-class\" data-at-event=\"action\" data-at-category=\"actualite\" data-at-chapter1=\"pied_article\" data-at-chapter2=\"actu_international\" data-at-click=\"favori_google\">Ajouter RTL comme source pr\u00e9f\u00e9r\u00e9e<\/a><\/p>\n<p><script async src=\"https:\/\/platform.twitter.com\/widgets.js\" charset=\"utf-8\"><\/script><\/p>\n","protected":false},"excerpt":{"rendered":"L&rsquo;extr\u00eame droite va-t-elle faire son grand retour au pouvoir en Allemagne ? Dimanche 6 septembre, tous les regards&hellip;\n","protected":false},"author":2,"featured_media":1168277,"comment_status":"","ping_status":"","sticky":false,"template":"","format":"standard","meta":{"footnotes":"","_share_on_mastodon":"0"},"categories":[1587],"tags":[11,672,1804,1805,1803,5949,1777,674,1076,107,1801,14,12,1802],"class_list":["post-1168276","post","type-post","status-publish","format-standard","has-post-thumbnail","category-allemagne","tag-actualites","tag-allemagne","tag-bundesrepublik-deutschland","tag-de","tag-deutschland","tag-elections","tag-eu","tag-europe","tag-extreme-droite","tag-fil-info","tag-germany","tag-international","tag-news","tag-republique-federale-dallemagne"],"share_on_mastodon":{"url":"https:\/\/pubeurope.com\/@fr\/117216677232475659","error":""},"_links":{"self":[{"href":"https:\/\/www.europesays.com\/fr\/wp-json\/wp\/v2\/posts\/1168276","targetHints":{"allow":["GET"]}}],"collection":[{"href":"https:\/\/www.europesays.com\/fr\/wp-json\/wp\/v2\/posts"}],"about":[{"href":"https:\/\/www.europesays.com\/fr\/wp-json\/wp\/v2\/types\/post"}],"author":[{"embeddable":true,"href":"https:\/\/www.europesays.com\/fr\/wp-json\/wp\/v2\/users\/2"}],"replies":[{"embeddable":true,"href":"https:\/\/www.europesays.com\/fr\/wp-json\/wp\/v2\/comments?post=1168276"}],"version-history":[{"count":0,"href":"https:\/\/www.europesays.com\/fr\/wp-json\/wp\/v2\/posts\/1168276\/revisions"}],"wp:featuredmedia":[{"embeddable":true,"href":"https:\/\/www.europesays.com\/fr\/wp-json\/wp\/v2\/media\/1168277"}],"wp:attachment":[{"href":"https:\/\/www.europesays.com\/fr\/wp-json\/wp\/v2\/media?parent=1168276"}],"wp:term":[{"taxonomy":"category","embeddable":true,"href":"https:\/\/www.europesays.com\/fr\/wp-json\/wp\/v2\/categories?post=1168276"},{"taxonomy":"post_tag","embeddable":true,"href":"https:\/\/www.europesays.com\/fr\/wp-json\/wp\/v2\/tags?post=1168276"}],"curies":[{"name":"wp","href":"https:\/\/api.w.org\/{rel}","templated":true}]}}