{"id":116829,"date":"2025-05-21T12:18:12","date_gmt":"2025-05-21T12:18:12","guid":{"rendered":"https:\/\/www.europesays.com\/fr\/116829\/"},"modified":"2025-05-21T12:18:12","modified_gmt":"2025-05-21T12:18:12","slug":"lue-propose-dalleger-des-obligations-reglementaires-pour-38-000-entreprises-de-taille-intermediaire","status":"publish","type":"post","link":"https:\/\/www.europesays.com\/fr\/116829\/","title":{"rendered":"L\u2019UE propose d\u2019all\u00e9ger des obligations r\u00e9glementaires pour 38.000 entreprises de taille interm\u00e9diaire"},"content":{"rendered":"<p>Ces soci\u00e9t\u00e9s b\u00e9n\u00e9ficieront de certains avantages et exemptions, jusqu\u2019ici r\u00e9serv\u00e9s aux entreprises plus petites, dans diff\u00e9rents domaines comme la protection des donn\u00e9es personnelles ou le reporting financier.<\/p>\n<p class=\"fig-paragraph\">C\u2019est un virage pro-business que la Commission europ\u00e9enne poursuit, pour r\u00e9tablir la comp\u00e9titivit\u00e9 du Vieux Continent face aux concurrents internationaux. Bruxelles a propos\u00e9 ce mercredi 21 mai d&rsquo;all\u00e9ger certaines obligations r\u00e9glementaires pour 38.000\u00a0<a href=\"http:\/\/www.lefigaro.fr\/societes\/philippe-d-ornano-il-y-a-une-augmentation-inquietante-des-ventes-de-grandes-eti-a-des-fonds-et-des-entreprises-etrangeres-20241104\" data-fig-type=\"Article\" data-gtm-custom-categorie=\"navigation\" data-gtm-custom-action=\"crossclick\" data-gtm-custom-label=\"Contextuel\" data-gtm-event=\"customEventSPE\" data-fig-domain=\"LEFIGARO\" target=\"_blank\" rel=\"noopener\">entreprises de taille interm\u00e9diaire,<\/a>\u00a0entre 250 et 750 salari\u00e9s.<\/p>\n<p class=\"fig-paragraph\">Ces groupes b\u00e9n\u00e9ficieront de certains avantages et exemptions, jusqu&rsquo;ici r\u00e9serv\u00e9s aux entreprises plus petites (moins de 250 salari\u00e9s), dans diff\u00e9rents domaines comme la protection des donn\u00e9es personnelles ou le reporting financier. \u00abL&rsquo;objectif c&rsquo;est d&rsquo;aider les PME \u00e0 grandir\u00bb, a expliqu\u00e9 le vice-pr\u00e9sident de la Commission europ\u00e9enne, St\u00e9phane S\u00e9journ\u00e9. Cette mesure met en \u0153uvre l\u2019une des promesses de Bruxelles pour relancer la croissance en Europe, une urgence renforc\u00e9e par la politique commerciale agressive de Donald Trump. L\u2019ex\u00e9cutif europ\u00e9en s\u2019est engag\u00e9 \u00e0 r\u00e9duire de 25% les co\u00fbts administratifs des entreprises d\u2019ici \u00e0 2029.<\/p>\n<p>Supprimer l\u2019obligation du format papier<\/p>\n<p class=\"fig-paragraph\">La proposition pr\u00e9sent\u00e9e mercredi simplifie en particulier l\u2019obligation pour les entreprises d\u2019\u00e9tablir un registre d\u2019utilisation des donn\u00e9es personnelles. Les organisations de moins de 750 salari\u00e9s ne devront tenir ces registres que si ces donn\u00e9es pr\u00e9sentent un \u00abrisque \u00e9lev\u00e9\u00bb. La Commission propose par ailleurs de supprimer l\u2019obligation du format papier pour les documents accompagnant les produits vendus en Europe comme les notices d\u2019utilisation. Leur num\u00e9risation permettra aux entreprises de diffuser ces informations et aux autorit\u00e9s nationales de les v\u00e9rifier plus facilement.<\/p>\n<p class=\"fig-paragraph\">Champions du num\u00e9rique, les \u00c9tats-Unis mais aussi la Chine ont creus\u00e9 ces derni\u00e8res ann\u00e9es un foss\u00e9 b\u00e9ant en mati\u00e8re de croissance \u00e9conomique avec une Europe enlis\u00e9e dans la stagnation. L\u2019UE entend revenir dans la course en appliquant les recommandations formul\u00e9es l\u2019an dernier par les anciens chefs de gouvernement italiens Enrico Letta et Mario Draghi dans deux rapports tr\u00e8s m\u00e9diatis\u00e9s.<\/p>\n","protected":false},"excerpt":{"rendered":"Ces soci\u00e9t\u00e9s b\u00e9n\u00e9ficieront de certains avantages et exemptions, jusqu\u2019ici r\u00e9serv\u00e9s aux entreprises plus petites, dans diff\u00e9rents domaines comme&hellip;\n","protected":false},"author":2,"featured_media":116830,"comment_status":"","ping_status":"","sticky":false,"template":"","format":"standard","meta":{"footnotes":""},"categories":[1586],"tags":[631,627,630,11,340,398,343,2196,634,405,629,636,313,1777,674,1779,632,638,1011,27,637,399,639,635,12,25,401,628,1778,364,633,407],"class_list":{"0":"post-116829","1":"post","2":"type-post","3":"status-publish","4":"format-standard","5":"has-post-thumbnail","7":"category-europe","8":"tag-action","9":"tag-actions-francaise","10":"tag-actualite-bourse","11":"tag-actualites","12":"tag-bourse","13":"tag-bourse-de-paris","14":"tag-cac-40","15":"tag-commission-europeenne","16":"tag-cotation","17":"tag-cotations","18":"tag-cours-des-societes-francaises","19":"tag-devises","20":"tag-entreprises","21":"tag-eu","22":"tag-europe","23":"tag-european-union","24":"tag-fcp","25":"tag-figaro","26":"tag-fr","27":"tag-france","28":"tag-indices","29":"tag-investissement","30":"tag-le-figaro","31":"tag-marches","32":"tag-news","33":"tag-republique-francaise","34":"tag-sicav","35":"tag-societes-etrangeres","36":"tag-ue","37":"tag-union-europeenne","38":"tag-warrant","39":"tag-warrants"},"share_on_mastodon":{"url":"https:\/\/pubeurope.com\/@fr\/114545787195870694","error":""},"_links":{"self":[{"href":"https:\/\/www.europesays.com\/fr\/wp-json\/wp\/v2\/posts\/116829","targetHints":{"allow":["GET"]}}],"collection":[{"href":"https:\/\/www.europesays.com\/fr\/wp-json\/wp\/v2\/posts"}],"about":[{"href":"https:\/\/www.europesays.com\/fr\/wp-json\/wp\/v2\/types\/post"}],"author":[{"embeddable":true,"href":"https:\/\/www.europesays.com\/fr\/wp-json\/wp\/v2\/users\/2"}],"replies":[{"embeddable":true,"href":"https:\/\/www.europesays.com\/fr\/wp-json\/wp\/v2\/comments?post=116829"}],"version-history":[{"count":0,"href":"https:\/\/www.europesays.com\/fr\/wp-json\/wp\/v2\/posts\/116829\/revisions"}],"wp:featuredmedia":[{"embeddable":true,"href":"https:\/\/www.europesays.com\/fr\/wp-json\/wp\/v2\/media\/116830"}],"wp:attachment":[{"href":"https:\/\/www.europesays.com\/fr\/wp-json\/wp\/v2\/media?parent=116829"}],"wp:term":[{"taxonomy":"category","embeddable":true,"href":"https:\/\/www.europesays.com\/fr\/wp-json\/wp\/v2\/categories?post=116829"},{"taxonomy":"post_tag","embeddable":true,"href":"https:\/\/www.europesays.com\/fr\/wp-json\/wp\/v2\/tags?post=116829"}],"curies":[{"name":"wp","href":"https:\/\/api.w.org\/{rel}","templated":true}]}}